{"id":10681,"date":"2019-04-08T12:00:49","date_gmt":"2019-04-08T10:00:49","guid":{"rendered":"http:\/\/tapigroup.com\/non-categorizzato\/il-packaging-non-e-solo-estetica-come-cambiare-punto-di-vista-nel-mondo-del-vino\/"},"modified":"2021-05-28T09:38:10","modified_gmt":"2021-05-28T07:38:10","slug":"il-packaging-non-e-solo-estetica-come-cambiare-punto-di-vista-nel-mondo-del-vino","status":"publish","type":"post","link":"https:\/\/tapigroup.com\/it\/news-it\/il-packaging-non-e-solo-estetica-come-cambiare-punto-di-vista-nel-mondo-del-vino\/","title":{"rendered":"IL PACKAGING NON \u00c8 SOLO ESTETICA: COME CAMBIARE PUNTO DI VISTA NEL MONDO DEL VINO"},"content":{"rendered":"\r\n<p>\u00c8 credenza comune pensare che il packaging sia semplicemente l\u2019arte di confezionare un bene per presentarlo al pubblico, concentrandosi solo ed esclusivamente sul suo aspetto visivo e sulla forma, senza tener conto di tante altre caratteristiche qualitative e distintive che compongono il prodotto stesso.<\/p>\r\n<p>Il packaging non \u00e8 solo questione di estetica, per questo abbiamo creato un evento in collaborazione con il nostro Partner Laffort e lo studio di design Spazio Di Paolo, verticalizzato su questo concetto. Tra le pareti della Cantina Bolla \u2013 Gruppo Italiano Vini, lo scorso 18 aprile, abbiamo ragionato insieme su vecchie e nuove credenze legate al packaging nel mondo del vino.<\/p>\r\n<p>Succo del discorso \u00e8 stata la necessit\u00e0 di andare oltre la forma, capire qual \u00e8 il ruolo effettivo del packaging ed il perch\u00e9 si tratta di uno degli strumenti pi\u00f9 importanti ed efficaci per comunicare le qualit\u00e0 dei vini proposti sul mercato.<\/p>\r\n","protected":false},"excerpt":{"rendered":"<p>\u00c8 credenza comune pensare che il packaging sia semplicemente l\u2019arte di confezionare un bene per presentarlo al pubblico, concentrandosi solo ed esclusivamente sul suo aspetto visivo e sulla forma, senza tener conto di tante altre caratteristiche qualitative e distintive che compongono il prodotto stesso. Il packaging non \u00e8 solo questione di estetica, per questo abbiamo [&hellip;]<\/p>\n","protected":false},"author":1,"featured_media":6125,"comment_status":"closed","ping_status":"closed","sticky":false,"template":"","format":"standard","meta":{"footnotes":""},"categories":[119],"tags":[],"class_list":["post-10681","post","type-post","status-publish","format-standard","has-post-thumbnail","hentry","category-news-it"],"yoast_head":"<!-- This site is optimized with the Yoast SEO plugin v27.2 - https:\/\/yoast.com\/product\/yoast-seo-wordpress\/ -->\n<title>IL PACKAGING NON \u00c8 SOLO ESTETICA: COME CAMBIARE PUNTO DI VISTA NEL MONDO DEL VINO - Tap\u00ec Group<\/title>\n<meta name=\"robots\" content=\"index, follow, max-snippet:-1, max-image-preview:large, max-video-preview:-1\" \/>\n<link rel=\"canonical\" href=\"https:\/\/tapigroup.com\/it\/news-it\/il-packaging-non-e-solo-estetica-come-cambiare-punto-di-vista-nel-mondo-del-vino\/\" \/>\n<meta property=\"og:locale\" content=\"it_IT\" \/>\n<meta property=\"og:type\" content=\"article\" \/>\n<meta property=\"og:title\" content=\"IL PACKAGING NON \u00c8 SOLO ESTETICA: COME CAMBIARE PUNTO DI VISTA NEL MONDO DEL VINO - Tap\u00ec Group\" \/>\n<meta property=\"og:description\" content=\"\u00c8 credenza comune pensare che il packaging sia semplicemente l\u2019arte di confezionare un bene per presentarlo al pubblico, concentrandosi solo ed esclusivamente sul suo aspetto visivo e sulla forma, senza tener conto di tante altre caratteristiche qualitative e distintive che compongono il prodotto stesso. Il packaging non \u00e8 solo questione di estetica, per questo abbiamo [&hellip;]\" \/>\n<meta property=\"og:url\" content=\"https:\/\/tapigroup.com\/it\/news-it\/il-packaging-non-e-solo-estetica-come-cambiare-punto-di-vista-nel-mondo-del-vino\/\" \/>\n<meta property=\"og:site_name\" content=\"Tap\u00ec Group\" \/>\n<meta property=\"article:published_time\" content=\"2019-04-08T10:00:49+00:00\" \/>\n<meta property=\"article:modified_time\" content=\"2021-05-28T07:38:10+00:00\" \/>\n<meta property=\"og:image\" content=\"https:\/\/tapigroup.com\/wp-content\/uploads\/2020\/01\/tapi-news-evento-packaging-vino.jpg\" \/>\n\t<meta property=\"og:image:width\" content=\"1452\" \/>\n\t<meta property=\"og:image:height\" content=\"968\" \/>\n\t<meta property=\"og:image:type\" content=\"image\/jpeg\" \/>\n<meta name=\"author\" content=\"tapigroup\" \/>\n<meta name=\"twitter:card\" content=\"summary_large_image\" \/>\n<meta name=\"twitter:label1\" content=\"Scritto da\" \/>\n\t<meta name=\"twitter:data1\" content=\"tapigroup\" \/>\n\t<meta name=\"twitter:label2\" content=\"Tempo di lettura stimato\" \/>\n\t<meta name=\"twitter:data2\" content=\"1 minuto\" \/>\n<script type=\"application\/ld+json\" class=\"yoast-schema-graph\">{\"@context\":\"https:\/\/schema.org\",\"@graph\":[{\"@type\":\"Article\",\"@id\":\"https:\/\/tapigroup.com\/it\/news-it\/il-packaging-non-e-solo-estetica-come-cambiare-punto-di-vista-nel-mondo-del-vino\/#article\",\"isPartOf\":{\"@id\":\"https:\/\/tapigroup.com\/it\/news-it\/il-packaging-non-e-solo-estetica-come-cambiare-punto-di-vista-nel-mondo-del-vino\/\"},\"author\":{\"name\":\"tapigroup\",\"@id\":\"https:\/\/tapigroup.com\/it\/#\/schema\/person\/dec1e40382845b2090806c3f10baaeeb\"},\"headline\":\"IL PACKAGING NON \u00c8 SOLO ESTETICA: COME CAMBIARE PUNTO DI VISTA NEL MONDO DEL VINO\",\"datePublished\":\"2019-04-08T10:00:49+00:00\",\"dateModified\":\"2021-05-28T07:38:10+00:00\",\"mainEntityOfPage\":{\"@id\":\"https:\/\/tapigroup.com\/it\/news-it\/il-packaging-non-e-solo-estetica-come-cambiare-punto-di-vista-nel-mondo-del-vino\/\"},\"wordCount\":157,\"image\":{\"@id\":\"https:\/\/tapigroup.com\/it\/news-it\/il-packaging-non-e-solo-estetica-come-cambiare-punto-di-vista-nel-mondo-del-vino\/#primaryimage\"},\"thumbnailUrl\":\"https:\/\/tapigroup.com\/wp-content\/uploads\/2020\/01\/tapi-news-evento-packaging-vino.jpg\",\"articleSection\":[\"News\"],\"inLanguage\":\"it-IT\"},{\"@type\":\"WebPage\",\"@id\":\"https:\/\/tapigroup.com\/it\/news-it\/il-packaging-non-e-solo-estetica-come-cambiare-punto-di-vista-nel-mondo-del-vino\/\",\"url\":\"https:\/\/tapigroup.com\/it\/news-it\/il-packaging-non-e-solo-estetica-come-cambiare-punto-di-vista-nel-mondo-del-vino\/\",\"name\":\"IL PACKAGING NON \u00c8 SOLO ESTETICA: COME CAMBIARE PUNTO DI VISTA NEL MONDO DEL VINO - Tap\u00ec Group\",\"isPartOf\":{\"@id\":\"https:\/\/tapigroup.com\/it\/#website\"},\"primaryImageOfPage\":{\"@id\":\"https:\/\/tapigroup.com\/it\/news-it\/il-packaging-non-e-solo-estetica-come-cambiare-punto-di-vista-nel-mondo-del-vino\/#primaryimage\"},\"image\":{\"@id\":\"https:\/\/tapigroup.com\/it\/news-it\/il-packaging-non-e-solo-estetica-come-cambiare-punto-di-vista-nel-mondo-del-vino\/#primaryimage\"},\"thumbnailUrl\":\"https:\/\/tapigroup.com\/wp-content\/uploads\/2020\/01\/tapi-news-evento-packaging-vino.jpg\",\"datePublished\":\"2019-04-08T10:00:49+00:00\",\"dateModified\":\"2021-05-28T07:38:10+00:00\",\"author\":{\"@id\":\"https:\/\/tapigroup.com\/it\/#\/schema\/person\/dec1e40382845b2090806c3f10baaeeb\"},\"inLanguage\":\"it-IT\",\"potentialAction\":[{\"@type\":\"ReadAction\",\"target\":[\"https:\/\/tapigroup.com\/it\/news-it\/il-packaging-non-e-solo-estetica-come-cambiare-punto-di-vista-nel-mondo-del-vino\/\"]}]},{\"@type\":\"ImageObject\",\"inLanguage\":\"it-IT\",\"@id\":\"https:\/\/tapigroup.com\/it\/news-it\/il-packaging-non-e-solo-estetica-come-cambiare-punto-di-vista-nel-mondo-del-vino\/#primaryimage\",\"url\":\"https:\/\/tapigroup.com\/wp-content\/uploads\/2020\/01\/tapi-news-evento-packaging-vino.jpg\",\"contentUrl\":\"https:\/\/tapigroup.com\/wp-content\/uploads\/2020\/01\/tapi-news-evento-packaging-vino.jpg\",\"width\":1452,\"height\":968},{\"@type\":\"WebSite\",\"@id\":\"https:\/\/tapigroup.com\/it\/#website\",\"url\":\"https:\/\/tapigroup.com\/it\/\",\"name\":\"Tap\u00ec Group\",\"description\":\"Made to be Opened\",\"potentialAction\":[{\"@type\":\"SearchAction\",\"target\":{\"@type\":\"EntryPoint\",\"urlTemplate\":\"https:\/\/tapigroup.com\/it\/?s={search_term_string}\"},\"query-input\":{\"@type\":\"PropertyValueSpecification\",\"valueRequired\":true,\"valueName\":\"search_term_string\"}}],\"inLanguage\":\"it-IT\"},{\"@type\":\"Person\",\"@id\":\"https:\/\/tapigroup.com\/it\/#\/schema\/person\/dec1e40382845b2090806c3f10baaeeb\",\"name\":\"tapigroup\",\"url\":\"https:\/\/tapigroup.com\/it\/author\/tapigroup\/\"}]}<\/script>\n<!-- \/ Yoast SEO plugin. -->","yoast_head_json":{"title":"IL PACKAGING NON \u00c8 SOLO ESTETICA: COME CAMBIARE PUNTO DI VISTA NEL MONDO DEL VINO - Tap\u00ec Group","robots":{"index":"index","follow":"follow","max-snippet":"max-snippet:-1","max-image-preview":"max-image-preview:large","max-video-preview":"max-video-preview:-1"},"canonical":"https:\/\/tapigroup.com\/it\/news-it\/il-packaging-non-e-solo-estetica-come-cambiare-punto-di-vista-nel-mondo-del-vino\/","og_locale":"it_IT","og_type":"article","og_title":"IL PACKAGING NON \u00c8 SOLO ESTETICA: COME CAMBIARE PUNTO DI VISTA NEL MONDO DEL VINO - Tap\u00ec Group","og_description":"\u00c8 credenza comune pensare che il packaging sia semplicemente l\u2019arte di confezionare un bene per presentarlo al pubblico, concentrandosi solo ed esclusivamente sul suo aspetto visivo e sulla forma, senza tener conto di tante altre caratteristiche qualitative e distintive che compongono il prodotto stesso. Il packaging non \u00e8 solo questione di estetica, per questo abbiamo [&hellip;]","og_url":"https:\/\/tapigroup.com\/it\/news-it\/il-packaging-non-e-solo-estetica-come-cambiare-punto-di-vista-nel-mondo-del-vino\/","og_site_name":"Tap\u00ec Group","article_published_time":"2019-04-08T10:00:49+00:00","article_modified_time":"2021-05-28T07:38:10+00:00","og_image":[{"width":1452,"height":968,"url":"https:\/\/tapigroup.com\/wp-content\/uploads\/2020\/01\/tapi-news-evento-packaging-vino.jpg","type":"image\/jpeg"}],"author":"tapigroup","twitter_card":"summary_large_image","twitter_misc":{"Scritto da":"tapigroup","Tempo di lettura stimato":"1 minuto"},"schema":{"@context":"https:\/\/schema.org","@graph":[{"@type":"Article","@id":"https:\/\/tapigroup.com\/it\/news-it\/il-packaging-non-e-solo-estetica-come-cambiare-punto-di-vista-nel-mondo-del-vino\/#article","isPartOf":{"@id":"https:\/\/tapigroup.com\/it\/news-it\/il-packaging-non-e-solo-estetica-come-cambiare-punto-di-vista-nel-mondo-del-vino\/"},"author":{"name":"tapigroup","@id":"https:\/\/tapigroup.com\/it\/#\/schema\/person\/dec1e40382845b2090806c3f10baaeeb"},"headline":"IL PACKAGING NON \u00c8 SOLO ESTETICA: COME CAMBIARE PUNTO DI VISTA NEL MONDO DEL VINO","datePublished":"2019-04-08T10:00:49+00:00","dateModified":"2021-05-28T07:38:10+00:00","mainEntityOfPage":{"@id":"https:\/\/tapigroup.com\/it\/news-it\/il-packaging-non-e-solo-estetica-come-cambiare-punto-di-vista-nel-mondo-del-vino\/"},"wordCount":157,"image":{"@id":"https:\/\/tapigroup.com\/it\/news-it\/il-packaging-non-e-solo-estetica-come-cambiare-punto-di-vista-nel-mondo-del-vino\/#primaryimage"},"thumbnailUrl":"https:\/\/tapigroup.com\/wp-content\/uploads\/2020\/01\/tapi-news-evento-packaging-vino.jpg","articleSection":["News"],"inLanguage":"it-IT"},{"@type":"WebPage","@id":"https:\/\/tapigroup.com\/it\/news-it\/il-packaging-non-e-solo-estetica-come-cambiare-punto-di-vista-nel-mondo-del-vino\/","url":"https:\/\/tapigroup.com\/it\/news-it\/il-packaging-non-e-solo-estetica-come-cambiare-punto-di-vista-nel-mondo-del-vino\/","name":"IL PACKAGING NON \u00c8 SOLO ESTETICA: COME CAMBIARE PUNTO DI VISTA NEL MONDO DEL VINO - Tap\u00ec Group","isPartOf":{"@id":"https:\/\/tapigroup.com\/it\/#website"},"primaryImageOfPage":{"@id":"https:\/\/tapigroup.com\/it\/news-it\/il-packaging-non-e-solo-estetica-come-cambiare-punto-di-vista-nel-mondo-del-vino\/#primaryimage"},"image":{"@id":"https:\/\/tapigroup.com\/it\/news-it\/il-packaging-non-e-solo-estetica-come-cambiare-punto-di-vista-nel-mondo-del-vino\/#primaryimage"},"thumbnailUrl":"https:\/\/tapigroup.com\/wp-content\/uploads\/2020\/01\/tapi-news-evento-packaging-vino.jpg","datePublished":"2019-04-08T10:00:49+00:00","dateModified":"2021-05-28T07:38:10+00:00","author":{"@id":"https:\/\/tapigroup.com\/it\/#\/schema\/person\/dec1e40382845b2090806c3f10baaeeb"},"inLanguage":"it-IT","potentialAction":[{"@type":"ReadAction","target":["https:\/\/tapigroup.com\/it\/news-it\/il-packaging-non-e-solo-estetica-come-cambiare-punto-di-vista-nel-mondo-del-vino\/"]}]},{"@type":"ImageObject","inLanguage":"it-IT","@id":"https:\/\/tapigroup.com\/it\/news-it\/il-packaging-non-e-solo-estetica-come-cambiare-punto-di-vista-nel-mondo-del-vino\/#primaryimage","url":"https:\/\/tapigroup.com\/wp-content\/uploads\/2020\/01\/tapi-news-evento-packaging-vino.jpg","contentUrl":"https:\/\/tapigroup.com\/wp-content\/uploads\/2020\/01\/tapi-news-evento-packaging-vino.jpg","width":1452,"height":968},{"@type":"WebSite","@id":"https:\/\/tapigroup.com\/it\/#website","url":"https:\/\/tapigroup.com\/it\/","name":"Tap\u00ec Group","description":"Made to be Opened","potentialAction":[{"@type":"SearchAction","target":{"@type":"EntryPoint","urlTemplate":"https:\/\/tapigroup.com\/it\/?s={search_term_string}"},"query-input":{"@type":"PropertyValueSpecification","valueRequired":true,"valueName":"search_term_string"}}],"inLanguage":"it-IT"},{"@type":"Person","@id":"https:\/\/tapigroup.com\/it\/#\/schema\/person\/dec1e40382845b2090806c3f10baaeeb","name":"tapigroup","url":"https:\/\/tapigroup.com\/it\/author\/tapigroup\/"}]}},"_links":{"self":[{"href":"https:\/\/tapigroup.com\/it\/wp-json\/wp\/v2\/posts\/10681","targetHints":{"allow":["GET"]}}],"collection":[{"href":"https:\/\/tapigroup.com\/it\/wp-json\/wp\/v2\/posts"}],"about":[{"href":"https:\/\/tapigroup.com\/it\/wp-json\/wp\/v2\/types\/post"}],"author":[{"embeddable":true,"href":"https:\/\/tapigroup.com\/it\/wp-json\/wp\/v2\/users\/1"}],"replies":[{"embeddable":true,"href":"https:\/\/tapigroup.com\/it\/wp-json\/wp\/v2\/comments?post=10681"}],"version-history":[{"count":0,"href":"https:\/\/tapigroup.com\/it\/wp-json\/wp\/v2\/posts\/10681\/revisions"}],"wp:featuredmedia":[{"embeddable":true,"href":"https:\/\/tapigroup.com\/it\/wp-json\/wp\/v2\/media\/6125"}],"wp:attachment":[{"href":"https:\/\/tapigroup.com\/it\/wp-json\/wp\/v2\/media?parent=10681"}],"wp:term":[{"taxonomy":"category","embeddable":true,"href":"https:\/\/tapigroup.com\/it\/wp-json\/wp\/v2\/categories?post=10681"},{"taxonomy":"post_tag","embeddable":true,"href":"https:\/\/tapigroup.com\/it\/wp-json\/wp\/v2\/tags?post=10681"}],"curies":[{"name":"wp","href":"https:\/\/api.w.org\/{rel}","templated":true}]}}