{"id":10546,"date":"2019-07-29T12:00:35","date_gmt":"2019-07-29T10:00:35","guid":{"rendered":"http:\/\/tapigroup.com\/non-categorizzato\/torna-luxe-pack-monaco-la-fiera-dedicata-al-packaging-di-lusso\/"},"modified":"2021-05-28T08:49:46","modified_gmt":"2021-05-28T06:49:46","slug":"torna-luxe-pack-monaco-la-fiera-dedicata-al-packaging-di-lusso","status":"publish","type":"post","link":"https:\/\/tapigroup.com\/it\/news-it\/torna-luxe-pack-monaco-la-fiera-dedicata-al-packaging-di-lusso\/","title":{"rendered":"TORNA LUXE PACK MONACO: LA FIERA DEDICATA AL PACKAGING DI LUSSO"},"content":{"rendered":"\r\n<p><strong>Dal 30 settembre al 2 ottobre partiremo alla volta del Principato per partecipare, anche per quest\u2019anno 2019, a Luxe Pack Monaco: fiera di rilievo nel mondo del packaging creativo di lusso.<\/strong><\/p>\r\n<p>Dopo la recente partecipazione ad \u00c9dition sp\u00e9ciale, spin-off di<span>\u00a0<\/span><strong>Luxe Pack<span>\u00a0<\/span><\/strong>dedicato alla sostenibilit\u00e0 tenutosi a Parigi nel mese di giugno, questo autunno saremo nuovamente espositori in una tre giorni ricca di novit\u00e0 e speech di altissima qualit\u00e0 da parte dei pi\u00f9 importanti brand del panorama mondiale del packaging.<\/p>\r\n<p>Una nuova edizione basata sull\u2019incontro strategico tra espositori, produttori, creativi ed aziende per la ricerca di contaminazioni creative verticalizzate sulla differenziazione e sull\u2019innovazione.<strong><span>\u00a0<\/span>Luxe Pack Monaco<\/strong><span>\u00a0<\/span>si pu\u00f2 definire una vera e propria vetrina sulle tendenze di domani, con risposte concrete ed ispirazionali per la creazione ed il lancio di nuovi concept tecnologici ed etici basati sull\u2019eco-design, stampa 3D e smart packaging, senza dimenticare quelli che sono i trend emergenti.<\/p>\r\n<p>Un vero e proprio laboratorio di idee che, siamo certi, anche quest\u2019anno replicher\u00e0 il grandissimo successo delle passate edizioni.<\/p>\r\n<p><strong>Vi aspettiamo allo stand DB19!<\/strong><\/p>\r\n<p><a href=\"https:\/\/www.luxepack.com\/en\/\"><strong>Scopri di pi\u00f9<\/strong><\/a><\/p>\r\n","protected":false},"excerpt":{"rendered":"<p>Dal 30 settembre al 2 ottobre partiremo alla volta del Principato per partecipare, anche per quest\u2019anno 2019, a Luxe Pack Monaco: fiera di rilievo nel mondo del packaging creativo di lusso. Dopo la recente partecipazione ad \u00c9dition sp\u00e9ciale, spin-off di\u00a0Luxe Pack\u00a0dedicato alla sostenibilit\u00e0 tenutosi a Parigi nel mese di giugno, questo autunno saremo nuovamente espositori [&hellip;]<\/p>\n","protected":false},"author":1,"featured_media":6169,"comment_status":"closed","ping_status":"closed","sticky":false,"template":"","format":"standard","meta":{"footnotes":""},"categories":[119],"tags":[],"class_list":["post-10546","post","type-post","status-publish","format-standard","has-post-thumbnail","hentry","category-news-it"],"yoast_head":"<!-- This site is optimized with the Yoast SEO plugin v27.2 - https:\/\/yoast.com\/product\/yoast-seo-wordpress\/ -->\n<title>TORNA LUXE PACK MONACO: LA FIERA DEDICATA AL PACKAGING DI LUSSO - Tap\u00ec Group<\/title>\n<meta name=\"robots\" content=\"index, follow, max-snippet:-1, max-image-preview:large, max-video-preview:-1\" \/>\n<link rel=\"canonical\" href=\"https:\/\/tapigroup.com\/it\/news-it\/torna-luxe-pack-monaco-la-fiera-dedicata-al-packaging-di-lusso\/\" \/>\n<meta property=\"og:locale\" content=\"it_IT\" \/>\n<meta property=\"og:type\" content=\"article\" \/>\n<meta property=\"og:title\" content=\"TORNA LUXE PACK MONACO: LA FIERA DEDICATA AL PACKAGING DI LUSSO - Tap\u00ec Group\" \/>\n<meta property=\"og:description\" content=\"Dal 30 settembre al 2 ottobre partiremo alla volta del Principato per partecipare, anche per quest\u2019anno 2019, a Luxe Pack Monaco: fiera di rilievo nel mondo del packaging creativo di lusso. Dopo la recente partecipazione ad \u00c9dition sp\u00e9ciale, spin-off di\u00a0Luxe Pack\u00a0dedicato alla sostenibilit\u00e0 tenutosi a Parigi nel mese di giugno, questo autunno saremo nuovamente espositori [&hellip;]\" \/>\n<meta property=\"og:url\" content=\"https:\/\/tapigroup.com\/it\/news-it\/torna-luxe-pack-monaco-la-fiera-dedicata-al-packaging-di-lusso\/\" \/>\n<meta property=\"og:site_name\" content=\"Tap\u00ec Group\" \/>\n<meta property=\"article:published_time\" content=\"2019-07-29T10:00:35+00:00\" \/>\n<meta property=\"article:modified_time\" content=\"2021-05-28T06:49:46+00:00\" \/>\n<meta property=\"og:image\" content=\"https:\/\/tapigroup.com\/wp-content\/uploads\/2020\/01\/tapi-news-luxe-pack-monaco.jpg\" \/>\n\t<meta property=\"og:image:width\" content=\"965\" \/>\n\t<meta property=\"og:image:height\" content=\"430\" \/>\n\t<meta property=\"og:image:type\" content=\"image\/jpeg\" \/>\n<meta name=\"author\" content=\"tapigroup\" \/>\n<meta name=\"twitter:card\" content=\"summary_large_image\" \/>\n<meta name=\"twitter:label1\" content=\"Scritto da\" \/>\n\t<meta name=\"twitter:data1\" content=\"tapigroup\" \/>\n\t<meta name=\"twitter:label2\" content=\"Tempo di lettura stimato\" \/>\n\t<meta name=\"twitter:data2\" content=\"1 minuto\" \/>\n<script type=\"application\/ld+json\" class=\"yoast-schema-graph\">{\"@context\":\"https:\/\/schema.org\",\"@graph\":[{\"@type\":\"Article\",\"@id\":\"https:\/\/tapigroup.com\/it\/news-it\/torna-luxe-pack-monaco-la-fiera-dedicata-al-packaging-di-lusso\/#article\",\"isPartOf\":{\"@id\":\"https:\/\/tapigroup.com\/it\/news-it\/torna-luxe-pack-monaco-la-fiera-dedicata-al-packaging-di-lusso\/\"},\"author\":{\"name\":\"tapigroup\",\"@id\":\"https:\/\/tapigroup.com\/it\/#\/schema\/person\/dec1e40382845b2090806c3f10baaeeb\"},\"headline\":\"TORNA LUXE PACK MONACO: LA FIERA DEDICATA AL PACKAGING DI LUSSO\",\"datePublished\":\"2019-07-29T10:00:35+00:00\",\"dateModified\":\"2021-05-28T06:49:46+00:00\",\"mainEntityOfPage\":{\"@id\":\"https:\/\/tapigroup.com\/it\/news-it\/torna-luxe-pack-monaco-la-fiera-dedicata-al-packaging-di-lusso\/\"},\"wordCount\":191,\"image\":{\"@id\":\"https:\/\/tapigroup.com\/it\/news-it\/torna-luxe-pack-monaco-la-fiera-dedicata-al-packaging-di-lusso\/#primaryimage\"},\"thumbnailUrl\":\"https:\/\/tapigroup.com\/wp-content\/uploads\/2020\/01\/tapi-news-luxe-pack-monaco.jpg\",\"articleSection\":[\"News\"],\"inLanguage\":\"it-IT\"},{\"@type\":\"WebPage\",\"@id\":\"https:\/\/tapigroup.com\/it\/news-it\/torna-luxe-pack-monaco-la-fiera-dedicata-al-packaging-di-lusso\/\",\"url\":\"https:\/\/tapigroup.com\/it\/news-it\/torna-luxe-pack-monaco-la-fiera-dedicata-al-packaging-di-lusso\/\",\"name\":\"TORNA LUXE PACK MONACO: LA FIERA DEDICATA AL PACKAGING DI LUSSO - Tap\u00ec Group\",\"isPartOf\":{\"@id\":\"https:\/\/tapigroup.com\/it\/#website\"},\"primaryImageOfPage\":{\"@id\":\"https:\/\/tapigroup.com\/it\/news-it\/torna-luxe-pack-monaco-la-fiera-dedicata-al-packaging-di-lusso\/#primaryimage\"},\"image\":{\"@id\":\"https:\/\/tapigroup.com\/it\/news-it\/torna-luxe-pack-monaco-la-fiera-dedicata-al-packaging-di-lusso\/#primaryimage\"},\"thumbnailUrl\":\"https:\/\/tapigroup.com\/wp-content\/uploads\/2020\/01\/tapi-news-luxe-pack-monaco.jpg\",\"datePublished\":\"2019-07-29T10:00:35+00:00\",\"dateModified\":\"2021-05-28T06:49:46+00:00\",\"author\":{\"@id\":\"https:\/\/tapigroup.com\/it\/#\/schema\/person\/dec1e40382845b2090806c3f10baaeeb\"},\"inLanguage\":\"it-IT\",\"potentialAction\":[{\"@type\":\"ReadAction\",\"target\":[\"https:\/\/tapigroup.com\/it\/news-it\/torna-luxe-pack-monaco-la-fiera-dedicata-al-packaging-di-lusso\/\"]}]},{\"@type\":\"ImageObject\",\"inLanguage\":\"it-IT\",\"@id\":\"https:\/\/tapigroup.com\/it\/news-it\/torna-luxe-pack-monaco-la-fiera-dedicata-al-packaging-di-lusso\/#primaryimage\",\"url\":\"https:\/\/tapigroup.com\/wp-content\/uploads\/2020\/01\/tapi-news-luxe-pack-monaco.jpg\",\"contentUrl\":\"https:\/\/tapigroup.com\/wp-content\/uploads\/2020\/01\/tapi-news-luxe-pack-monaco.jpg\",\"width\":965,\"height\":430},{\"@type\":\"WebSite\",\"@id\":\"https:\/\/tapigroup.com\/it\/#website\",\"url\":\"https:\/\/tapigroup.com\/it\/\",\"name\":\"Tap\u00ec Group\",\"description\":\"Made to be Opened\",\"potentialAction\":[{\"@type\":\"SearchAction\",\"target\":{\"@type\":\"EntryPoint\",\"urlTemplate\":\"https:\/\/tapigroup.com\/it\/?s={search_term_string}\"},\"query-input\":{\"@type\":\"PropertyValueSpecification\",\"valueRequired\":true,\"valueName\":\"search_term_string\"}}],\"inLanguage\":\"it-IT\"},{\"@type\":\"Person\",\"@id\":\"https:\/\/tapigroup.com\/it\/#\/schema\/person\/dec1e40382845b2090806c3f10baaeeb\",\"name\":\"tapigroup\",\"url\":\"https:\/\/tapigroup.com\/it\/author\/tapigroup\/\"}]}<\/script>\n<!-- \/ Yoast SEO plugin. -->","yoast_head_json":{"title":"TORNA LUXE PACK MONACO: LA FIERA DEDICATA AL PACKAGING DI LUSSO - Tap\u00ec Group","robots":{"index":"index","follow":"follow","max-snippet":"max-snippet:-1","max-image-preview":"max-image-preview:large","max-video-preview":"max-video-preview:-1"},"canonical":"https:\/\/tapigroup.com\/it\/news-it\/torna-luxe-pack-monaco-la-fiera-dedicata-al-packaging-di-lusso\/","og_locale":"it_IT","og_type":"article","og_title":"TORNA LUXE PACK MONACO: LA FIERA DEDICATA AL PACKAGING DI LUSSO - Tap\u00ec Group","og_description":"Dal 30 settembre al 2 ottobre partiremo alla volta del Principato per partecipare, anche per quest\u2019anno 2019, a Luxe Pack Monaco: fiera di rilievo nel mondo del packaging creativo di lusso. Dopo la recente partecipazione ad \u00c9dition sp\u00e9ciale, spin-off di\u00a0Luxe Pack\u00a0dedicato alla sostenibilit\u00e0 tenutosi a Parigi nel mese di giugno, questo autunno saremo nuovamente espositori [&hellip;]","og_url":"https:\/\/tapigroup.com\/it\/news-it\/torna-luxe-pack-monaco-la-fiera-dedicata-al-packaging-di-lusso\/","og_site_name":"Tap\u00ec Group","article_published_time":"2019-07-29T10:00:35+00:00","article_modified_time":"2021-05-28T06:49:46+00:00","og_image":[{"width":965,"height":430,"url":"https:\/\/tapigroup.com\/wp-content\/uploads\/2020\/01\/tapi-news-luxe-pack-monaco.jpg","type":"image\/jpeg"}],"author":"tapigroup","twitter_card":"summary_large_image","twitter_misc":{"Scritto da":"tapigroup","Tempo di lettura stimato":"1 minuto"},"schema":{"@context":"https:\/\/schema.org","@graph":[{"@type":"Article","@id":"https:\/\/tapigroup.com\/it\/news-it\/torna-luxe-pack-monaco-la-fiera-dedicata-al-packaging-di-lusso\/#article","isPartOf":{"@id":"https:\/\/tapigroup.com\/it\/news-it\/torna-luxe-pack-monaco-la-fiera-dedicata-al-packaging-di-lusso\/"},"author":{"name":"tapigroup","@id":"https:\/\/tapigroup.com\/it\/#\/schema\/person\/dec1e40382845b2090806c3f10baaeeb"},"headline":"TORNA LUXE PACK MONACO: LA FIERA DEDICATA AL PACKAGING DI LUSSO","datePublished":"2019-07-29T10:00:35+00:00","dateModified":"2021-05-28T06:49:46+00:00","mainEntityOfPage":{"@id":"https:\/\/tapigroup.com\/it\/news-it\/torna-luxe-pack-monaco-la-fiera-dedicata-al-packaging-di-lusso\/"},"wordCount":191,"image":{"@id":"https:\/\/tapigroup.com\/it\/news-it\/torna-luxe-pack-monaco-la-fiera-dedicata-al-packaging-di-lusso\/#primaryimage"},"thumbnailUrl":"https:\/\/tapigroup.com\/wp-content\/uploads\/2020\/01\/tapi-news-luxe-pack-monaco.jpg","articleSection":["News"],"inLanguage":"it-IT"},{"@type":"WebPage","@id":"https:\/\/tapigroup.com\/it\/news-it\/torna-luxe-pack-monaco-la-fiera-dedicata-al-packaging-di-lusso\/","url":"https:\/\/tapigroup.com\/it\/news-it\/torna-luxe-pack-monaco-la-fiera-dedicata-al-packaging-di-lusso\/","name":"TORNA LUXE PACK MONACO: LA FIERA DEDICATA AL PACKAGING DI LUSSO - Tap\u00ec Group","isPartOf":{"@id":"https:\/\/tapigroup.com\/it\/#website"},"primaryImageOfPage":{"@id":"https:\/\/tapigroup.com\/it\/news-it\/torna-luxe-pack-monaco-la-fiera-dedicata-al-packaging-di-lusso\/#primaryimage"},"image":{"@id":"https:\/\/tapigroup.com\/it\/news-it\/torna-luxe-pack-monaco-la-fiera-dedicata-al-packaging-di-lusso\/#primaryimage"},"thumbnailUrl":"https:\/\/tapigroup.com\/wp-content\/uploads\/2020\/01\/tapi-news-luxe-pack-monaco.jpg","datePublished":"2019-07-29T10:00:35+00:00","dateModified":"2021-05-28T06:49:46+00:00","author":{"@id":"https:\/\/tapigroup.com\/it\/#\/schema\/person\/dec1e40382845b2090806c3f10baaeeb"},"inLanguage":"it-IT","potentialAction":[{"@type":"ReadAction","target":["https:\/\/tapigroup.com\/it\/news-it\/torna-luxe-pack-monaco-la-fiera-dedicata-al-packaging-di-lusso\/"]}]},{"@type":"ImageObject","inLanguage":"it-IT","@id":"https:\/\/tapigroup.com\/it\/news-it\/torna-luxe-pack-monaco-la-fiera-dedicata-al-packaging-di-lusso\/#primaryimage","url":"https:\/\/tapigroup.com\/wp-content\/uploads\/2020\/01\/tapi-news-luxe-pack-monaco.jpg","contentUrl":"https:\/\/tapigroup.com\/wp-content\/uploads\/2020\/01\/tapi-news-luxe-pack-monaco.jpg","width":965,"height":430},{"@type":"WebSite","@id":"https:\/\/tapigroup.com\/it\/#website","url":"https:\/\/tapigroup.com\/it\/","name":"Tap\u00ec Group","description":"Made to be Opened","potentialAction":[{"@type":"SearchAction","target":{"@type":"EntryPoint","urlTemplate":"https:\/\/tapigroup.com\/it\/?s={search_term_string}"},"query-input":{"@type":"PropertyValueSpecification","valueRequired":true,"valueName":"search_term_string"}}],"inLanguage":"it-IT"},{"@type":"Person","@id":"https:\/\/tapigroup.com\/it\/#\/schema\/person\/dec1e40382845b2090806c3f10baaeeb","name":"tapigroup","url":"https:\/\/tapigroup.com\/it\/author\/tapigroup\/"}]}},"_links":{"self":[{"href":"https:\/\/tapigroup.com\/it\/wp-json\/wp\/v2\/posts\/10546","targetHints":{"allow":["GET"]}}],"collection":[{"href":"https:\/\/tapigroup.com\/it\/wp-json\/wp\/v2\/posts"}],"about":[{"href":"https:\/\/tapigroup.com\/it\/wp-json\/wp\/v2\/types\/post"}],"author":[{"embeddable":true,"href":"https:\/\/tapigroup.com\/it\/wp-json\/wp\/v2\/users\/1"}],"replies":[{"embeddable":true,"href":"https:\/\/tapigroup.com\/it\/wp-json\/wp\/v2\/comments?post=10546"}],"version-history":[{"count":0,"href":"https:\/\/tapigroup.com\/it\/wp-json\/wp\/v2\/posts\/10546\/revisions"}],"wp:featuredmedia":[{"embeddable":true,"href":"https:\/\/tapigroup.com\/it\/wp-json\/wp\/v2\/media\/6169"}],"wp:attachment":[{"href":"https:\/\/tapigroup.com\/it\/wp-json\/wp\/v2\/media?parent=10546"}],"wp:term":[{"taxonomy":"category","embeddable":true,"href":"https:\/\/tapigroup.com\/it\/wp-json\/wp\/v2\/categories?post=10546"},{"taxonomy":"post_tag","embeddable":true,"href":"https:\/\/tapigroup.com\/it\/wp-json\/wp\/v2\/tags?post=10546"}],"curies":[{"name":"wp","href":"https:\/\/api.w.org\/{rel}","templated":true}]}}