{"id":36379,"date":"2023-09-15T10:38:16","date_gmt":"2023-09-15T08:38:16","guid":{"rendered":"https:\/\/tapigroup.com\/?p=36379"},"modified":"2023-10-30T15:49:03","modified_gmt":"2023-10-30T14:49:03","slug":"tapi-abraza-la-igualdad-de-genero-politica-e-iniciativas-para-una-empresa-inclusiva","status":"publish","type":"post","link":"https:\/\/tapigroup.com\/es\/news-es\/tapi-abraza-la-igualdad-de-genero-politica-e-iniciativas-para-una-empresa-inclusiva\/","title":{"rendered":"Tap\u00ec abraza la Igualdad de G\u00e9nero: Pol\u00edtica e Iniciativas para una Empresa Inclusiva"},"content":{"rendered":"\t\t<div data-elementor-type=\"wp-post\" data-elementor-id=\"36379\" class=\"elementor elementor-36379\" data-elementor-post-type=\"post\">\n\t\t\t\t\t\t<section class=\"elementor-section elementor-top-section elementor-element elementor-element-77f53f5d elementor-section-boxed elementor-section-height-default elementor-section-height-default\" data-id=\"77f53f5d\" data-element_type=\"section\" data-e-type=\"section\">\n\t\t\t\t\t\t<div class=\"elementor-container elementor-column-gap-default\">\n\t\t\t\t\t<div class=\"elementor-column elementor-col-100 elementor-top-column elementor-element elementor-element-2994978c\" data-id=\"2994978c\" data-element_type=\"column\" data-e-type=\"column\">\n\t\t\t<div class=\"elementor-widget-wrap elementor-element-populated\">\n\t\t\t\t\t\t<div class=\"elementor-element elementor-element-ae46406 elementor-widget elementor-widget-text-editor\" data-id=\"ae46406\" data-element_type=\"widget\" data-e-type=\"widget\" data-widget_type=\"text-editor.default\">\n\t\t\t\t<div class=\"elementor-widget-container\">\n\t\t\t\t\t\t\t\t\t\n<p>Tap\u00ec S.p.A. ha anunciado la adopci\u00f3n de una pol\u00edtica de igualdad de g\u00e9nero, comprometi\u00e9ndose a prevenir y combatir cualquier forma de discriminaci\u00f3n dentro de su comunidad empresarial. Esta iniciativa se basa en los principios del C\u00f3digo \u00c9tico de la empresa y sigue las directrices de igualdad de g\u00e9nero de UNI PdR 125:2022. <\/p>\n\n\n\n<p>Se ha establecido un Comit\u00e9 de Direcci\u00f3n para supervisar la aplicaci\u00f3n de esta pol\u00edtica y gestionar denuncias relacionadas con acoso, hostigamiento, discriminaci\u00f3n e inclusi\u00f3n de g\u00e9nero. La empresa promueve la comunicaci\u00f3n interna y la libertad de expresi\u00f3n a trav\u00e9s de la difusi\u00f3n del C\u00f3digo \u00c9tico y de iniciativas destinadas a concienciar a los empleados sobre comportamientos inclusivos. <\/p>\n\n\n\n<p>Adem\u00e1s, Tap\u00ec S.p.A. ha implementado medidas para garantizar la igualdad de g\u00e9nero en el proceso de selecci\u00f3n y contrataci\u00f3n, el crecimiento profesional, la remuneraci\u00f3n y las pr\u00e1cticas relacionadas con la protecci\u00f3n de la maternidad y el equilibrio entre trabajo y vida personal. <\/p>\n\n\n\n<p>La empresa tambi\u00e9n ha adoptado procedimientos para prevenir cualquier forma de abuso f\u00edsico, verbal o digital en el lugar de trabajo y promueve la sensibilizaci\u00f3n sobre temas de inclusi\u00f3n y prevenci\u00f3n del acoso sexual y el acoso laboral. <\/p>\n\n\n\n<p><strong><a href=\"https:\/\/tapigroup.com\/wp-content\/uploads\/2023\/10\/Policy_Parita-di-genere.pdf\" target=\"_blank\" rel=\"noreferrer noopener\">Obt\u00e9n m\u00e1s informaci\u00f3n<\/a><\/strong><\/p>\n\t\t\t\t\t\t\t\t<\/div>\n\t\t\t\t<\/div>\n\t\t\t\t\t<\/div>\n\t\t<\/div>\n\t\t\t\t\t<\/div>\n\t\t<\/section>\n\t\t\t\t<\/div>\n\t\t","protected":false},"excerpt":{"rendered":"<p>Tap\u00ec S.p.A. ha anunciado la adopci\u00f3n de una pol\u00edtica de igualdad de g\u00e9nero, comprometi\u00e9ndose a prevenir y combatir cualquier forma de discriminaci\u00f3n dentro de su comunidad empresarial. Esta iniciativa se basa en los principios del C\u00f3digo \u00c9tico de la empresa y sigue las directrices de igualdad de g\u00e9nero de UNI PdR 125:2022. Se ha establecido [&hellip;]<\/p>\n","protected":false},"author":1,"featured_media":36362,"comment_status":"closed","ping_status":"closed","sticky":false,"template":"","format":"standard","meta":{"footnotes":""},"categories":[121],"tags":[],"class_list":["post-36379","post","type-post","status-publish","format-standard","has-post-thumbnail","hentry","category-news-es"],"yoast_head":"<!-- This site is optimized with the Yoast SEO plugin v27.2 - https:\/\/yoast.com\/product\/yoast-seo-wordpress\/ -->\n<title>Tap\u00ec abraza la Igualdad de G\u00e9nero: Pol\u00edtica e Iniciativas para una Empresa Inclusiva - Tap\u00ec Group<\/title>\n<meta name=\"robots\" content=\"index, follow, max-snippet:-1, max-image-preview:large, max-video-preview:-1\" \/>\n<link rel=\"canonical\" href=\"https:\/\/tapigroup.com\/es\/news-es\/tapi-abraza-la-igualdad-de-genero-politica-e-iniciativas-para-una-empresa-inclusiva\/\" \/>\n<meta property=\"og:locale\" content=\"es_ES\" \/>\n<meta property=\"og:type\" content=\"article\" \/>\n<meta property=\"og:title\" content=\"Tap\u00ec abraza la Igualdad de G\u00e9nero: Pol\u00edtica e Iniciativas para una Empresa Inclusiva - Tap\u00ec Group\" \/>\n<meta property=\"og:description\" content=\"Tap\u00ec S.p.A. ha anunciado la adopci\u00f3n de una pol\u00edtica de igualdad de g\u00e9nero, comprometi\u00e9ndose a prevenir y combatir cualquier forma de discriminaci\u00f3n dentro de su comunidad empresarial. Esta iniciativa se basa en los principios del C\u00f3digo \u00c9tico de la empresa y sigue las directrices de igualdad de g\u00e9nero de UNI PdR 125:2022. Se ha establecido [&hellip;]\" \/>\n<meta property=\"og:url\" content=\"https:\/\/tapigroup.com\/es\/news-es\/tapi-abraza-la-igualdad-de-genero-politica-e-iniciativas-para-una-empresa-inclusiva\/\" \/>\n<meta property=\"og:site_name\" content=\"Tap\u00ec Group\" \/>\n<meta property=\"article:published_time\" content=\"2023-09-15T08:38:16+00:00\" \/>\n<meta property=\"article:modified_time\" content=\"2023-10-30T14:49:03+00:00\" \/>\n<meta property=\"og:image\" content=\"https:\/\/tapigroup.com\/wp-content\/uploads\/2023\/09\/parita-di-genere-2.jpg\" \/>\n\t<meta property=\"og:image:width\" content=\"600\" \/>\n\t<meta property=\"og:image:height\" content=\"800\" \/>\n\t<meta property=\"og:image:type\" content=\"image\/jpeg\" \/>\n<meta name=\"author\" content=\"tapigroup\" \/>\n<meta name=\"twitter:card\" content=\"summary_large_image\" \/>\n<meta name=\"twitter:label1\" content=\"Escrito por\" \/>\n\t<meta name=\"twitter:data1\" content=\"tapigroup\" \/>\n\t<meta name=\"twitter:label2\" content=\"Tiempo de lectura\" \/>\n\t<meta name=\"twitter:data2\" content=\"1 minuto\" \/>\n<script type=\"application\/ld+json\" class=\"yoast-schema-graph\">{\"@context\":\"https:\/\/schema.org\",\"@graph\":[{\"@type\":\"Article\",\"@id\":\"https:\/\/tapigroup.com\/es\/news-es\/tapi-abraza-la-igualdad-de-genero-politica-e-iniciativas-para-una-empresa-inclusiva\/#article\",\"isPartOf\":{\"@id\":\"https:\/\/tapigroup.com\/es\/news-es\/tapi-abraza-la-igualdad-de-genero-politica-e-iniciativas-para-una-empresa-inclusiva\/\"},\"author\":{\"name\":\"tapigroup\",\"@id\":\"https:\/\/tapigroup.com\/es\/#\/schema\/person\/dec1e40382845b2090806c3f10baaeeb\"},\"headline\":\"Tap\u00ec abraza la Igualdad de G\u00e9nero: Pol\u00edtica e Iniciativas para una Empresa Inclusiva\",\"datePublished\":\"2023-09-15T08:38:16+00:00\",\"dateModified\":\"2023-10-30T14:49:03+00:00\",\"mainEntityOfPage\":{\"@id\":\"https:\/\/tapigroup.com\/es\/news-es\/tapi-abraza-la-igualdad-de-genero-politica-e-iniciativas-para-una-empresa-inclusiva\/\"},\"wordCount\":243,\"image\":{\"@id\":\"https:\/\/tapigroup.com\/es\/news-es\/tapi-abraza-la-igualdad-de-genero-politica-e-iniciativas-para-una-empresa-inclusiva\/#primaryimage\"},\"thumbnailUrl\":\"https:\/\/tapigroup.com\/wp-content\/uploads\/2023\/09\/parita-di-genere-2.jpg\",\"articleSection\":[\"News\"],\"inLanguage\":\"es\"},{\"@type\":\"WebPage\",\"@id\":\"https:\/\/tapigroup.com\/es\/news-es\/tapi-abraza-la-igualdad-de-genero-politica-e-iniciativas-para-una-empresa-inclusiva\/\",\"url\":\"https:\/\/tapigroup.com\/es\/news-es\/tapi-abraza-la-igualdad-de-genero-politica-e-iniciativas-para-una-empresa-inclusiva\/\",\"name\":\"Tap\u00ec abraza la Igualdad de G\u00e9nero: Pol\u00edtica e Iniciativas para una Empresa Inclusiva - Tap\u00ec Group\",\"isPartOf\":{\"@id\":\"https:\/\/tapigroup.com\/es\/#website\"},\"primaryImageOfPage\":{\"@id\":\"https:\/\/tapigroup.com\/es\/news-es\/tapi-abraza-la-igualdad-de-genero-politica-e-iniciativas-para-una-empresa-inclusiva\/#primaryimage\"},\"image\":{\"@id\":\"https:\/\/tapigroup.com\/es\/news-es\/tapi-abraza-la-igualdad-de-genero-politica-e-iniciativas-para-una-empresa-inclusiva\/#primaryimage\"},\"thumbnailUrl\":\"https:\/\/tapigroup.com\/wp-content\/uploads\/2023\/09\/parita-di-genere-2.jpg\",\"datePublished\":\"2023-09-15T08:38:16+00:00\",\"dateModified\":\"2023-10-30T14:49:03+00:00\",\"author\":{\"@id\":\"https:\/\/tapigroup.com\/es\/#\/schema\/person\/dec1e40382845b2090806c3f10baaeeb\"},\"inLanguage\":\"es\",\"potentialAction\":[{\"@type\":\"ReadAction\",\"target\":[\"https:\/\/tapigroup.com\/es\/news-es\/tapi-abraza-la-igualdad-de-genero-politica-e-iniciativas-para-una-empresa-inclusiva\/\"]}]},{\"@type\":\"ImageObject\",\"inLanguage\":\"es\",\"@id\":\"https:\/\/tapigroup.com\/es\/news-es\/tapi-abraza-la-igualdad-de-genero-politica-e-iniciativas-para-una-empresa-inclusiva\/#primaryimage\",\"url\":\"https:\/\/tapigroup.com\/wp-content\/uploads\/2023\/09\/parita-di-genere-2.jpg\",\"contentUrl\":\"https:\/\/tapigroup.com\/wp-content\/uploads\/2023\/09\/parita-di-genere-2.jpg\",\"width\":600,\"height\":800},{\"@type\":\"WebSite\",\"@id\":\"https:\/\/tapigroup.com\/es\/#website\",\"url\":\"https:\/\/tapigroup.com\/es\/\",\"name\":\"Tap\u00ec Group\",\"description\":\"Made to be Opened\",\"potentialAction\":[{\"@type\":\"SearchAction\",\"target\":{\"@type\":\"EntryPoint\",\"urlTemplate\":\"https:\/\/tapigroup.com\/es\/?s={search_term_string}\"},\"query-input\":{\"@type\":\"PropertyValueSpecification\",\"valueRequired\":true,\"valueName\":\"search_term_string\"}}],\"inLanguage\":\"es\"},{\"@type\":\"Person\",\"@id\":\"https:\/\/tapigroup.com\/es\/#\/schema\/person\/dec1e40382845b2090806c3f10baaeeb\",\"name\":\"tapigroup\",\"url\":\"https:\/\/tapigroup.com\/es\/author\/tapigroup\/\"}]}<\/script>\n<!-- \/ Yoast SEO plugin. -->","yoast_head_json":{"title":"Tap\u00ec abraza la Igualdad de G\u00e9nero: Pol\u00edtica e Iniciativas para una Empresa Inclusiva - Tap\u00ec Group","robots":{"index":"index","follow":"follow","max-snippet":"max-snippet:-1","max-image-preview":"max-image-preview:large","max-video-preview":"max-video-preview:-1"},"canonical":"https:\/\/tapigroup.com\/es\/news-es\/tapi-abraza-la-igualdad-de-genero-politica-e-iniciativas-para-una-empresa-inclusiva\/","og_locale":"es_ES","og_type":"article","og_title":"Tap\u00ec abraza la Igualdad de G\u00e9nero: Pol\u00edtica e Iniciativas para una Empresa Inclusiva - Tap\u00ec Group","og_description":"Tap\u00ec S.p.A. ha anunciado la adopci\u00f3n de una pol\u00edtica de igualdad de g\u00e9nero, comprometi\u00e9ndose a prevenir y combatir cualquier forma de discriminaci\u00f3n dentro de su comunidad empresarial. Esta iniciativa se basa en los principios del C\u00f3digo \u00c9tico de la empresa y sigue las directrices de igualdad de g\u00e9nero de UNI PdR 125:2022. Se ha establecido [&hellip;]","og_url":"https:\/\/tapigroup.com\/es\/news-es\/tapi-abraza-la-igualdad-de-genero-politica-e-iniciativas-para-una-empresa-inclusiva\/","og_site_name":"Tap\u00ec Group","article_published_time":"2023-09-15T08:38:16+00:00","article_modified_time":"2023-10-30T14:49:03+00:00","og_image":[{"width":600,"height":800,"url":"https:\/\/tapigroup.com\/wp-content\/uploads\/2023\/09\/parita-di-genere-2.jpg","type":"image\/jpeg"}],"author":"tapigroup","twitter_card":"summary_large_image","twitter_misc":{"Escrito por":"tapigroup","Tiempo de lectura":"1 minuto"},"schema":{"@context":"https:\/\/schema.org","@graph":[{"@type":"Article","@id":"https:\/\/tapigroup.com\/es\/news-es\/tapi-abraza-la-igualdad-de-genero-politica-e-iniciativas-para-una-empresa-inclusiva\/#article","isPartOf":{"@id":"https:\/\/tapigroup.com\/es\/news-es\/tapi-abraza-la-igualdad-de-genero-politica-e-iniciativas-para-una-empresa-inclusiva\/"},"author":{"name":"tapigroup","@id":"https:\/\/tapigroup.com\/es\/#\/schema\/person\/dec1e40382845b2090806c3f10baaeeb"},"headline":"Tap\u00ec abraza la Igualdad de G\u00e9nero: Pol\u00edtica e Iniciativas para una Empresa Inclusiva","datePublished":"2023-09-15T08:38:16+00:00","dateModified":"2023-10-30T14:49:03+00:00","mainEntityOfPage":{"@id":"https:\/\/tapigroup.com\/es\/news-es\/tapi-abraza-la-igualdad-de-genero-politica-e-iniciativas-para-una-empresa-inclusiva\/"},"wordCount":243,"image":{"@id":"https:\/\/tapigroup.com\/es\/news-es\/tapi-abraza-la-igualdad-de-genero-politica-e-iniciativas-para-una-empresa-inclusiva\/#primaryimage"},"thumbnailUrl":"https:\/\/tapigroup.com\/wp-content\/uploads\/2023\/09\/parita-di-genere-2.jpg","articleSection":["News"],"inLanguage":"es"},{"@type":"WebPage","@id":"https:\/\/tapigroup.com\/es\/news-es\/tapi-abraza-la-igualdad-de-genero-politica-e-iniciativas-para-una-empresa-inclusiva\/","url":"https:\/\/tapigroup.com\/es\/news-es\/tapi-abraza-la-igualdad-de-genero-politica-e-iniciativas-para-una-empresa-inclusiva\/","name":"Tap\u00ec abraza la Igualdad de G\u00e9nero: Pol\u00edtica e Iniciativas para una Empresa Inclusiva - Tap\u00ec Group","isPartOf":{"@id":"https:\/\/tapigroup.com\/es\/#website"},"primaryImageOfPage":{"@id":"https:\/\/tapigroup.com\/es\/news-es\/tapi-abraza-la-igualdad-de-genero-politica-e-iniciativas-para-una-empresa-inclusiva\/#primaryimage"},"image":{"@id":"https:\/\/tapigroup.com\/es\/news-es\/tapi-abraza-la-igualdad-de-genero-politica-e-iniciativas-para-una-empresa-inclusiva\/#primaryimage"},"thumbnailUrl":"https:\/\/tapigroup.com\/wp-content\/uploads\/2023\/09\/parita-di-genere-2.jpg","datePublished":"2023-09-15T08:38:16+00:00","dateModified":"2023-10-30T14:49:03+00:00","author":{"@id":"https:\/\/tapigroup.com\/es\/#\/schema\/person\/dec1e40382845b2090806c3f10baaeeb"},"inLanguage":"es","potentialAction":[{"@type":"ReadAction","target":["https:\/\/tapigroup.com\/es\/news-es\/tapi-abraza-la-igualdad-de-genero-politica-e-iniciativas-para-una-empresa-inclusiva\/"]}]},{"@type":"ImageObject","inLanguage":"es","@id":"https:\/\/tapigroup.com\/es\/news-es\/tapi-abraza-la-igualdad-de-genero-politica-e-iniciativas-para-una-empresa-inclusiva\/#primaryimage","url":"https:\/\/tapigroup.com\/wp-content\/uploads\/2023\/09\/parita-di-genere-2.jpg","contentUrl":"https:\/\/tapigroup.com\/wp-content\/uploads\/2023\/09\/parita-di-genere-2.jpg","width":600,"height":800},{"@type":"WebSite","@id":"https:\/\/tapigroup.com\/es\/#website","url":"https:\/\/tapigroup.com\/es\/","name":"Tap\u00ec Group","description":"Made to be Opened","potentialAction":[{"@type":"SearchAction","target":{"@type":"EntryPoint","urlTemplate":"https:\/\/tapigroup.com\/es\/?s={search_term_string}"},"query-input":{"@type":"PropertyValueSpecification","valueRequired":true,"valueName":"search_term_string"}}],"inLanguage":"es"},{"@type":"Person","@id":"https:\/\/tapigroup.com\/es\/#\/schema\/person\/dec1e40382845b2090806c3f10baaeeb","name":"tapigroup","url":"https:\/\/tapigroup.com\/es\/author\/tapigroup\/"}]}},"_links":{"self":[{"href":"https:\/\/tapigroup.com\/es\/wp-json\/wp\/v2\/posts\/36379","targetHints":{"allow":["GET"]}}],"collection":[{"href":"https:\/\/tapigroup.com\/es\/wp-json\/wp\/v2\/posts"}],"about":[{"href":"https:\/\/tapigroup.com\/es\/wp-json\/wp\/v2\/types\/post"}],"author":[{"embeddable":true,"href":"https:\/\/tapigroup.com\/es\/wp-json\/wp\/v2\/users\/1"}],"replies":[{"embeddable":true,"href":"https:\/\/tapigroup.com\/es\/wp-json\/wp\/v2\/comments?post=36379"}],"version-history":[{"count":5,"href":"https:\/\/tapigroup.com\/es\/wp-json\/wp\/v2\/posts\/36379\/revisions"}],"predecessor-version":[{"id":38220,"href":"https:\/\/tapigroup.com\/es\/wp-json\/wp\/v2\/posts\/36379\/revisions\/38220"}],"wp:featuredmedia":[{"embeddable":true,"href":"https:\/\/tapigroup.com\/es\/wp-json\/wp\/v2\/media\/36362"}],"wp:attachment":[{"href":"https:\/\/tapigroup.com\/es\/wp-json\/wp\/v2\/media?parent=36379"}],"wp:term":[{"taxonomy":"category","embeddable":true,"href":"https:\/\/tapigroup.com\/es\/wp-json\/wp\/v2\/categories?post=36379"},{"taxonomy":"post_tag","embeddable":true,"href":"https:\/\/tapigroup.com\/es\/wp-json\/wp\/v2\/tags?post=36379"}],"curies":[{"name":"wp","href":"https:\/\/api.w.org\/{rel}","templated":true}]}}