{"id":23481,"date":"2022-04-29T12:10:50","date_gmt":"2022-04-29T10:10:50","guid":{"rendered":"https:\/\/tapigroup.com\/?p=23481"},"modified":"2022-04-29T12:11:08","modified_gmt":"2022-04-29T10:11:08","slug":"vuelve-packaging-premiere-en-exposicion-del-24-al-26-de-mayo","status":"publish","type":"post","link":"https:\/\/tapigroup.com\/es\/news-es\/vuelve-packaging-premiere-en-exposicion-del-24-al-26-de-mayo\/","title":{"rendered":"Vuelve Packaging Premi\u00e8re, en exposici\u00f3n del 24 al 26 de mayo&nbsp;&nbsp;"},"content":{"rendered":"\n<p><strong>Tambi\u00e9n este a\u00f1o participaremos del 24 al 26 de mayo en Packaging Premi\u00e8re en Fieramilanocity, pabell\u00f3n 4, stand\u00a0C02. <\/strong>El evento presenta las primicias en el sector del envase y da espacio a la experimentaci\u00f3n y la innovaci\u00f3n para definir las tendencias del mundo del lujo. Llevaremos a la feria nuestros mejores tapones, capaces de valorizar y enfatizar tanto los dise\u00f1os m\u00e1s modernos y actuales como los m\u00e1s cl\u00e1sicos y sofisticados.\u00a0<\/p>\n\n\n\n<p>Una exposici\u00f3n exclusiva, dedicada a quien crea envase para el sector del lujo, a quien lo hace y a las grandes marcas internacionales que desean encargar el cuidado de sus productos a soluciones que traen al mundo el signo tangible y reconocible de la gama alta.&nbsp;<\/p>\n\n\n\n<p><strong>Descubre el futuro del envase en el mundo del lujo: os esperamos para presentaros todas nuestras gamas de producto.<\/strong><\/p>\n","protected":false},"excerpt":{"rendered":"<p>Tambi\u00e9n este a\u00f1o participaremos del 24 al 26 de mayo en Packaging Premi\u00e8re en Fieramilanocity, pabell\u00f3n 4, stand\u00a0C02. El evento presenta las primicias en el sector del envase y da espacio a la experimentaci\u00f3n y la innovaci\u00f3n para definir las tendencias del mundo del lujo. Llevaremos a la feria nuestros mejores tapones, capaces de valorizar [&hellip;]<\/p>\n","protected":false},"author":1,"featured_media":23471,"comment_status":"closed","ping_status":"closed","sticky":false,"template":"","format":"standard","meta":{"footnotes":""},"categories":[121],"tags":[],"class_list":["post-23481","post","type-post","status-publish","format-standard","has-post-thumbnail","hentry","category-news-es"],"yoast_head":"<!-- This site is optimized with the Yoast SEO plugin v27.2 - https:\/\/yoast.com\/product\/yoast-seo-wordpress\/ -->\n<title>Vuelve Packaging Premi\u00e8re, en exposici\u00f3n del 24 al 26 de mayo&nbsp;&nbsp; - Tap\u00ec Group<\/title>\n<meta name=\"robots\" content=\"index, follow, max-snippet:-1, max-image-preview:large, max-video-preview:-1\" \/>\n<link rel=\"canonical\" href=\"https:\/\/tapigroup.com\/es\/news-es\/vuelve-packaging-premiere-en-exposicion-del-24-al-26-de-mayo\/\" \/>\n<meta property=\"og:locale\" content=\"es_ES\" \/>\n<meta property=\"og:type\" content=\"article\" \/>\n<meta property=\"og:title\" content=\"Vuelve Packaging Premi\u00e8re, en exposici\u00f3n del 24 al 26 de mayo&nbsp;&nbsp; - Tap\u00ec Group\" \/>\n<meta property=\"og:description\" content=\"Tambi\u00e9n este a\u00f1o participaremos del 24 al 26 de mayo en Packaging Premi\u00e8re en Fieramilanocity, pabell\u00f3n 4, stand\u00a0C02. El evento presenta las primicias en el sector del envase y da espacio a la experimentaci\u00f3n y la innovaci\u00f3n para definir las tendencias del mundo del lujo. Llevaremos a la feria nuestros mejores tapones, capaces de valorizar [&hellip;]\" \/>\n<meta property=\"og:url\" content=\"https:\/\/tapigroup.com\/es\/news-es\/vuelve-packaging-premiere-en-exposicion-del-24-al-26-de-mayo\/\" \/>\n<meta property=\"og:site_name\" content=\"Tap\u00ec Group\" \/>\n<meta property=\"article:published_time\" content=\"2022-04-29T10:10:50+00:00\" \/>\n<meta property=\"article:modified_time\" content=\"2022-04-29T10:11:08+00:00\" \/>\n<meta property=\"og:image\" content=\"https:\/\/tapigroup.com\/wp-content\/uploads\/2022\/04\/02B-IG_Packaging-premiere_1080x1080-1.jpg\" \/>\n\t<meta property=\"og:image:width\" content=\"1080\" \/>\n\t<meta property=\"og:image:height\" content=\"1080\" \/>\n\t<meta property=\"og:image:type\" content=\"image\/jpeg\" \/>\n<meta name=\"author\" content=\"tapigroup\" \/>\n<meta name=\"twitter:card\" content=\"summary_large_image\" \/>\n<meta name=\"twitter:label1\" content=\"Escrito por\" \/>\n\t<meta name=\"twitter:data1\" content=\"tapigroup\" \/>\n\t<meta name=\"twitter:label2\" content=\"Tiempo de lectura\" \/>\n\t<meta name=\"twitter:data2\" content=\"1 minuto\" \/>\n<script type=\"application\/ld+json\" class=\"yoast-schema-graph\">{\"@context\":\"https:\/\/schema.org\",\"@graph\":[{\"@type\":\"Article\",\"@id\":\"https:\/\/tapigroup.com\/es\/news-es\/vuelve-packaging-premiere-en-exposicion-del-24-al-26-de-mayo\/#article\",\"isPartOf\":{\"@id\":\"https:\/\/tapigroup.com\/es\/news-es\/vuelve-packaging-premiere-en-exposicion-del-24-al-26-de-mayo\/\"},\"author\":{\"name\":\"tapigroup\",\"@id\":\"https:\/\/tapigroup.com\/es\/#\/schema\/person\/dec1e40382845b2090806c3f10baaeeb\"},\"headline\":\"Vuelve Packaging Premi\u00e8re, en exposici\u00f3n del 24 al 26 de mayo&nbsp;&nbsp;\",\"datePublished\":\"2022-04-29T10:10:50+00:00\",\"dateModified\":\"2022-04-29T10:11:08+00:00\",\"mainEntityOfPage\":{\"@id\":\"https:\/\/tapigroup.com\/es\/news-es\/vuelve-packaging-premiere-en-exposicion-del-24-al-26-de-mayo\/\"},\"wordCount\":158,\"image\":{\"@id\":\"https:\/\/tapigroup.com\/es\/news-es\/vuelve-packaging-premiere-en-exposicion-del-24-al-26-de-mayo\/#primaryimage\"},\"thumbnailUrl\":\"https:\/\/tapigroup.com\/wp-content\/uploads\/2022\/04\/02B-IG_Packaging-premiere_1080x1080-1.jpg\",\"articleSection\":[\"News\"],\"inLanguage\":\"es\"},{\"@type\":\"WebPage\",\"@id\":\"https:\/\/tapigroup.com\/es\/news-es\/vuelve-packaging-premiere-en-exposicion-del-24-al-26-de-mayo\/\",\"url\":\"https:\/\/tapigroup.com\/es\/news-es\/vuelve-packaging-premiere-en-exposicion-del-24-al-26-de-mayo\/\",\"name\":\"Vuelve Packaging Premi\u00e8re, en exposici\u00f3n del 24 al 26 de mayo&nbsp;&nbsp; - Tap\u00ec Group\",\"isPartOf\":{\"@id\":\"https:\/\/tapigroup.com\/es\/#website\"},\"primaryImageOfPage\":{\"@id\":\"https:\/\/tapigroup.com\/es\/news-es\/vuelve-packaging-premiere-en-exposicion-del-24-al-26-de-mayo\/#primaryimage\"},\"image\":{\"@id\":\"https:\/\/tapigroup.com\/es\/news-es\/vuelve-packaging-premiere-en-exposicion-del-24-al-26-de-mayo\/#primaryimage\"},\"thumbnailUrl\":\"https:\/\/tapigroup.com\/wp-content\/uploads\/2022\/04\/02B-IG_Packaging-premiere_1080x1080-1.jpg\",\"datePublished\":\"2022-04-29T10:10:50+00:00\",\"dateModified\":\"2022-04-29T10:11:08+00:00\",\"author\":{\"@id\":\"https:\/\/tapigroup.com\/es\/#\/schema\/person\/dec1e40382845b2090806c3f10baaeeb\"},\"inLanguage\":\"es\",\"potentialAction\":[{\"@type\":\"ReadAction\",\"target\":[\"https:\/\/tapigroup.com\/es\/news-es\/vuelve-packaging-premiere-en-exposicion-del-24-al-26-de-mayo\/\"]}]},{\"@type\":\"ImageObject\",\"inLanguage\":\"es\",\"@id\":\"https:\/\/tapigroup.com\/es\/news-es\/vuelve-packaging-premiere-en-exposicion-del-24-al-26-de-mayo\/#primaryimage\",\"url\":\"https:\/\/tapigroup.com\/wp-content\/uploads\/2022\/04\/02B-IG_Packaging-premiere_1080x1080-1.jpg\",\"contentUrl\":\"https:\/\/tapigroup.com\/wp-content\/uploads\/2022\/04\/02B-IG_Packaging-premiere_1080x1080-1.jpg\",\"width\":1080,\"height\":1080,\"caption\":\"Packaging-premiere2022\"},{\"@type\":\"WebSite\",\"@id\":\"https:\/\/tapigroup.com\/es\/#website\",\"url\":\"https:\/\/tapigroup.com\/es\/\",\"name\":\"Tap\u00ec Group\",\"description\":\"Made to be Opened\",\"potentialAction\":[{\"@type\":\"SearchAction\",\"target\":{\"@type\":\"EntryPoint\",\"urlTemplate\":\"https:\/\/tapigroup.com\/es\/?s={search_term_string}\"},\"query-input\":{\"@type\":\"PropertyValueSpecification\",\"valueRequired\":true,\"valueName\":\"search_term_string\"}}],\"inLanguage\":\"es\"},{\"@type\":\"Person\",\"@id\":\"https:\/\/tapigroup.com\/es\/#\/schema\/person\/dec1e40382845b2090806c3f10baaeeb\",\"name\":\"tapigroup\",\"url\":\"https:\/\/tapigroup.com\/es\/author\/tapigroup\/\"}]}<\/script>\n<!-- \/ Yoast SEO plugin. -->","yoast_head_json":{"title":"Vuelve Packaging Premi\u00e8re, en exposici\u00f3n del 24 al 26 de mayo&nbsp;&nbsp; - Tap\u00ec Group","robots":{"index":"index","follow":"follow","max-snippet":"max-snippet:-1","max-image-preview":"max-image-preview:large","max-video-preview":"max-video-preview:-1"},"canonical":"https:\/\/tapigroup.com\/es\/news-es\/vuelve-packaging-premiere-en-exposicion-del-24-al-26-de-mayo\/","og_locale":"es_ES","og_type":"article","og_title":"Vuelve Packaging Premi\u00e8re, en exposici\u00f3n del 24 al 26 de mayo&nbsp;&nbsp; - Tap\u00ec Group","og_description":"Tambi\u00e9n este a\u00f1o participaremos del 24 al 26 de mayo en Packaging Premi\u00e8re en Fieramilanocity, pabell\u00f3n 4, stand\u00a0C02. El evento presenta las primicias en el sector del envase y da espacio a la experimentaci\u00f3n y la innovaci\u00f3n para definir las tendencias del mundo del lujo. Llevaremos a la feria nuestros mejores tapones, capaces de valorizar [&hellip;]","og_url":"https:\/\/tapigroup.com\/es\/news-es\/vuelve-packaging-premiere-en-exposicion-del-24-al-26-de-mayo\/","og_site_name":"Tap\u00ec Group","article_published_time":"2022-04-29T10:10:50+00:00","article_modified_time":"2022-04-29T10:11:08+00:00","og_image":[{"width":1080,"height":1080,"url":"https:\/\/tapigroup.com\/wp-content\/uploads\/2022\/04\/02B-IG_Packaging-premiere_1080x1080-1.jpg","type":"image\/jpeg"}],"author":"tapigroup","twitter_card":"summary_large_image","twitter_misc":{"Escrito por":"tapigroup","Tiempo de lectura":"1 minuto"},"schema":{"@context":"https:\/\/schema.org","@graph":[{"@type":"Article","@id":"https:\/\/tapigroup.com\/es\/news-es\/vuelve-packaging-premiere-en-exposicion-del-24-al-26-de-mayo\/#article","isPartOf":{"@id":"https:\/\/tapigroup.com\/es\/news-es\/vuelve-packaging-premiere-en-exposicion-del-24-al-26-de-mayo\/"},"author":{"name":"tapigroup","@id":"https:\/\/tapigroup.com\/es\/#\/schema\/person\/dec1e40382845b2090806c3f10baaeeb"},"headline":"Vuelve Packaging Premi\u00e8re, en exposici\u00f3n del 24 al 26 de mayo&nbsp;&nbsp;","datePublished":"2022-04-29T10:10:50+00:00","dateModified":"2022-04-29T10:11:08+00:00","mainEntityOfPage":{"@id":"https:\/\/tapigroup.com\/es\/news-es\/vuelve-packaging-premiere-en-exposicion-del-24-al-26-de-mayo\/"},"wordCount":158,"image":{"@id":"https:\/\/tapigroup.com\/es\/news-es\/vuelve-packaging-premiere-en-exposicion-del-24-al-26-de-mayo\/#primaryimage"},"thumbnailUrl":"https:\/\/tapigroup.com\/wp-content\/uploads\/2022\/04\/02B-IG_Packaging-premiere_1080x1080-1.jpg","articleSection":["News"],"inLanguage":"es"},{"@type":"WebPage","@id":"https:\/\/tapigroup.com\/es\/news-es\/vuelve-packaging-premiere-en-exposicion-del-24-al-26-de-mayo\/","url":"https:\/\/tapigroup.com\/es\/news-es\/vuelve-packaging-premiere-en-exposicion-del-24-al-26-de-mayo\/","name":"Vuelve Packaging Premi\u00e8re, en exposici\u00f3n del 24 al 26 de mayo&nbsp;&nbsp; - Tap\u00ec Group","isPartOf":{"@id":"https:\/\/tapigroup.com\/es\/#website"},"primaryImageOfPage":{"@id":"https:\/\/tapigroup.com\/es\/news-es\/vuelve-packaging-premiere-en-exposicion-del-24-al-26-de-mayo\/#primaryimage"},"image":{"@id":"https:\/\/tapigroup.com\/es\/news-es\/vuelve-packaging-premiere-en-exposicion-del-24-al-26-de-mayo\/#primaryimage"},"thumbnailUrl":"https:\/\/tapigroup.com\/wp-content\/uploads\/2022\/04\/02B-IG_Packaging-premiere_1080x1080-1.jpg","datePublished":"2022-04-29T10:10:50+00:00","dateModified":"2022-04-29T10:11:08+00:00","author":{"@id":"https:\/\/tapigroup.com\/es\/#\/schema\/person\/dec1e40382845b2090806c3f10baaeeb"},"inLanguage":"es","potentialAction":[{"@type":"ReadAction","target":["https:\/\/tapigroup.com\/es\/news-es\/vuelve-packaging-premiere-en-exposicion-del-24-al-26-de-mayo\/"]}]},{"@type":"ImageObject","inLanguage":"es","@id":"https:\/\/tapigroup.com\/es\/news-es\/vuelve-packaging-premiere-en-exposicion-del-24-al-26-de-mayo\/#primaryimage","url":"https:\/\/tapigroup.com\/wp-content\/uploads\/2022\/04\/02B-IG_Packaging-premiere_1080x1080-1.jpg","contentUrl":"https:\/\/tapigroup.com\/wp-content\/uploads\/2022\/04\/02B-IG_Packaging-premiere_1080x1080-1.jpg","width":1080,"height":1080,"caption":"Packaging-premiere2022"},{"@type":"WebSite","@id":"https:\/\/tapigroup.com\/es\/#website","url":"https:\/\/tapigroup.com\/es\/","name":"Tap\u00ec Group","description":"Made to be Opened","potentialAction":[{"@type":"SearchAction","target":{"@type":"EntryPoint","urlTemplate":"https:\/\/tapigroup.com\/es\/?s={search_term_string}"},"query-input":{"@type":"PropertyValueSpecification","valueRequired":true,"valueName":"search_term_string"}}],"inLanguage":"es"},{"@type":"Person","@id":"https:\/\/tapigroup.com\/es\/#\/schema\/person\/dec1e40382845b2090806c3f10baaeeb","name":"tapigroup","url":"https:\/\/tapigroup.com\/es\/author\/tapigroup\/"}]}},"_links":{"self":[{"href":"https:\/\/tapigroup.com\/es\/wp-json\/wp\/v2\/posts\/23481","targetHints":{"allow":["GET"]}}],"collection":[{"href":"https:\/\/tapigroup.com\/es\/wp-json\/wp\/v2\/posts"}],"about":[{"href":"https:\/\/tapigroup.com\/es\/wp-json\/wp\/v2\/types\/post"}],"author":[{"embeddable":true,"href":"https:\/\/tapigroup.com\/es\/wp-json\/wp\/v2\/users\/1"}],"replies":[{"embeddable":true,"href":"https:\/\/tapigroup.com\/es\/wp-json\/wp\/v2\/comments?post=23481"}],"version-history":[{"count":1,"href":"https:\/\/tapigroup.com\/es\/wp-json\/wp\/v2\/posts\/23481\/revisions"}],"predecessor-version":[{"id":23482,"href":"https:\/\/tapigroup.com\/es\/wp-json\/wp\/v2\/posts\/23481\/revisions\/23482"}],"wp:featuredmedia":[{"embeddable":true,"href":"https:\/\/tapigroup.com\/es\/wp-json\/wp\/v2\/media\/23471"}],"wp:attachment":[{"href":"https:\/\/tapigroup.com\/es\/wp-json\/wp\/v2\/media?parent=23481"}],"wp:term":[{"taxonomy":"category","embeddable":true,"href":"https:\/\/tapigroup.com\/es\/wp-json\/wp\/v2\/categories?post=23481"},{"taxonomy":"post_tag","embeddable":true,"href":"https:\/\/tapigroup.com\/es\/wp-json\/wp\/v2\/tags?post=23481"}],"curies":[{"name":"wp","href":"https:\/\/api.w.org\/{rel}","templated":true}]}}