{"id":10706,"date":"2019-03-05T12:00:13","date_gmt":"2019-03-05T11:00:13","guid":{"rendered":"http:\/\/tapigroup.com\/sin-categorizar\/tapi-allevento-modernizacion-del-tlcuem-oportunidades-de-negocios\/"},"modified":"2021-06-01T13:04:30","modified_gmt":"2021-06-01T11:04:30","slug":"tapi-en-el-evento-modernizacion-del-tlcuem-oportunidades-de-negocios","status":"publish","type":"post","link":"https:\/\/tapigroup.com\/es\/news-es\/tapi-en-el-evento-modernizacion-del-tlcuem-oportunidades-de-negocios\/","title":{"rendered":"TAP\u00cc EN EL EVENTO MODERNIZACI\u00d3N DEL TLCUEM \u2013 OPORTUNIDADES DE NEGOCIOS"},"content":{"rendered":"\r\n<p>El 5 de febrero de 2019 hemos volado a M\u00e9xico con ocasi\u00f3n de la conferencia \u201cModernizaci\u00f3n del TLCUEM \u2013 Oportunidades de Negocios\u201d que se ha celebrado en el Auditorio del Ministerio de Econom\u00eda de Ciudad de M\u00e9xico.<\/p>\r\n<p>Las voces de Klaus Rudischhauser, embajador de la UE en M\u00e9xico, y de Sergio Contreras, vicepresidente de la COMCE, han inaugurado el evento en el que se han sucedido los estudios de caso de varias oportunidades de negocios como consecuencia del acuerdo de libre comercio entre M\u00e9xico y la Uni\u00f3n Europa.<\/p>\r\n<p>En especial, Luz Mar\u00eda de la Mora, Subsecretaria de Comercio Exterior del Ministerio de Econom\u00eda y Helena K\u00f6nig, Vicedirectora General de Comercio de la Uni\u00f3n Europea, han hecho hincapi\u00e9 en cu\u00e1les ser\u00e1n los cambios y las oportunidades de expansi\u00f3n para el comercio de mercanc\u00edas, las simplificaciones aduaneras y las nuevas medidas de inversi\u00f3n.<\/p>\r\n<p>El Acuerdo Global de libre comercio entre M\u00e9xico y la Uni\u00f3n Europea ha permitido un crecimiento comercial mexicano del 242% que ha convertido a Europa en el tercer socio comercial del pa\u00eds.<\/p>\r\n<p>Teniendo en cuenta estos datos, nosotros de Tap\u00ec tambi\u00e9n hemos participado con una intervenci\u00f3n de manos de Roberto Casini, Director Ejecutivo del grupo, junto a Jos\u00e9 V\u00e9lez, Director General de Interglass; Armando Bonilla, Director Internacional de Grisi; H\u00e9ctor Mart\u00ednez, socio fundador de Grupo Paisano y Edgar Cice\u00f1o, Director de Strategy Group SAFRAN. En esta mesa redonda se han presentado numerosos casos de \u00e9xito precisamente para contar, en la pr\u00e1ctica, el significado del Acuerdo Global.<\/p>\r\n","protected":false},"excerpt":{"rendered":"<p>El 5 de febrero de 2019 hemos volado a M\u00e9xico con ocasi\u00f3n de la conferencia \u201cModernizaci\u00f3n del TLCUEM \u2013 Oportunidades de Negocios\u201d que se ha celebrado en el Auditorio del Ministerio de Econom\u00eda de Ciudad de M\u00e9xico. Las voces de Klaus Rudischhauser, embajador de la UE en M\u00e9xico, y de Sergio Contreras, vicepresidente de la [&hellip;]<\/p>\n","protected":false},"author":1,"featured_media":6102,"comment_status":"closed","ping_status":"closed","sticky":false,"template":"","format":"standard","meta":{"footnotes":""},"categories":[121],"tags":[],"class_list":["post-10706","post","type-post","status-publish","format-standard","has-post-thumbnail","hentry","category-news-es"],"yoast_head":"<!-- This site is optimized with the Yoast SEO plugin v27.2 - https:\/\/yoast.com\/product\/yoast-seo-wordpress\/ -->\n<title>TAP\u00cc EN EL EVENTO MODERNIZACI\u00d3N DEL TLCUEM \u2013 OPORTUNIDADES DE NEGOCIOS - Tap\u00ec Group<\/title>\n<meta name=\"robots\" content=\"index, follow, max-snippet:-1, max-image-preview:large, max-video-preview:-1\" \/>\n<link rel=\"canonical\" href=\"https:\/\/tapigroup.com\/es\/news-es\/tapi-en-el-evento-modernizacion-del-tlcuem-oportunidades-de-negocios\/\" \/>\n<meta property=\"og:locale\" content=\"es_ES\" \/>\n<meta property=\"og:type\" content=\"article\" \/>\n<meta property=\"og:title\" content=\"TAP\u00cc EN EL EVENTO MODERNIZACI\u00d3N DEL TLCUEM \u2013 OPORTUNIDADES DE NEGOCIOS - Tap\u00ec Group\" \/>\n<meta property=\"og:description\" content=\"El 5 de febrero de 2019 hemos volado a M\u00e9xico con ocasi\u00f3n de la conferencia \u201cModernizaci\u00f3n del TLCUEM \u2013 Oportunidades de Negocios\u201d que se ha celebrado en el Auditorio del Ministerio de Econom\u00eda de Ciudad de M\u00e9xico. Las voces de Klaus Rudischhauser, embajador de la UE en M\u00e9xico, y de Sergio Contreras, vicepresidente de la [&hellip;]\" \/>\n<meta property=\"og:url\" content=\"https:\/\/tapigroup.com\/es\/news-es\/tapi-en-el-evento-modernizacion-del-tlcuem-oportunidades-de-negocios\/\" \/>\n<meta property=\"og:site_name\" content=\"Tap\u00ec Group\" \/>\n<meta property=\"article:published_time\" content=\"2019-03-05T11:00:13+00:00\" \/>\n<meta property=\"article:modified_time\" content=\"2021-06-01T11:04:30+00:00\" \/>\n<meta property=\"og:image\" content=\"https:\/\/tapigroup.com\/wp-content\/uploads\/2020\/01\/tapi-news-modernizacion-tlcuem.jpg\" \/>\n\t<meta property=\"og:image:width\" content=\"1024\" \/>\n\t<meta property=\"og:image:height\" content=\"375\" \/>\n\t<meta property=\"og:image:type\" content=\"image\/jpeg\" \/>\n<meta name=\"author\" content=\"tapigroup\" \/>\n<meta name=\"twitter:card\" content=\"summary_large_image\" \/>\n<meta name=\"twitter:label1\" content=\"Escrito por\" \/>\n\t<meta name=\"twitter:data1\" content=\"tapigroup\" \/>\n\t<meta name=\"twitter:label2\" content=\"Tiempo de lectura\" \/>\n\t<meta name=\"twitter:data2\" content=\"1 minuto\" \/>\n<script type=\"application\/ld+json\" class=\"yoast-schema-graph\">{\"@context\":\"https:\/\/schema.org\",\"@graph\":[{\"@type\":\"Article\",\"@id\":\"https:\/\/tapigroup.com\/es\/news-es\/tapi-en-el-evento-modernizacion-del-tlcuem-oportunidades-de-negocios\/#article\",\"isPartOf\":{\"@id\":\"https:\/\/tapigroup.com\/es\/news-es\/tapi-en-el-evento-modernizacion-del-tlcuem-oportunidades-de-negocios\/\"},\"author\":{\"name\":\"tapigroup\",\"@id\":\"https:\/\/tapigroup.com\/es\/#\/schema\/person\/dec1e40382845b2090806c3f10baaeeb\"},\"headline\":\"TAP\u00cc EN EL EVENTO MODERNIZACI\u00d3N DEL TLCUEM \u2013 OPORTUNIDADES DE NEGOCIOS\",\"datePublished\":\"2019-03-05T11:00:13+00:00\",\"dateModified\":\"2021-06-01T11:04:30+00:00\",\"mainEntityOfPage\":{\"@id\":\"https:\/\/tapigroup.com\/es\/news-es\/tapi-en-el-evento-modernizacion-del-tlcuem-oportunidades-de-negocios\/\"},\"wordCount\":281,\"image\":{\"@id\":\"https:\/\/tapigroup.com\/es\/news-es\/tapi-en-el-evento-modernizacion-del-tlcuem-oportunidades-de-negocios\/#primaryimage\"},\"thumbnailUrl\":\"https:\/\/tapigroup.com\/wp-content\/uploads\/2020\/01\/tapi-news-modernizacion-tlcuem.jpg\",\"articleSection\":[\"News\"],\"inLanguage\":\"es\"},{\"@type\":\"WebPage\",\"@id\":\"https:\/\/tapigroup.com\/es\/news-es\/tapi-en-el-evento-modernizacion-del-tlcuem-oportunidades-de-negocios\/\",\"url\":\"https:\/\/tapigroup.com\/es\/news-es\/tapi-en-el-evento-modernizacion-del-tlcuem-oportunidades-de-negocios\/\",\"name\":\"TAP\u00cc EN EL EVENTO MODERNIZACI\u00d3N DEL TLCUEM \u2013 OPORTUNIDADES DE NEGOCIOS - Tap\u00ec Group\",\"isPartOf\":{\"@id\":\"https:\/\/tapigroup.com\/es\/#website\"},\"primaryImageOfPage\":{\"@id\":\"https:\/\/tapigroup.com\/es\/news-es\/tapi-en-el-evento-modernizacion-del-tlcuem-oportunidades-de-negocios\/#primaryimage\"},\"image\":{\"@id\":\"https:\/\/tapigroup.com\/es\/news-es\/tapi-en-el-evento-modernizacion-del-tlcuem-oportunidades-de-negocios\/#primaryimage\"},\"thumbnailUrl\":\"https:\/\/tapigroup.com\/wp-content\/uploads\/2020\/01\/tapi-news-modernizacion-tlcuem.jpg\",\"datePublished\":\"2019-03-05T11:00:13+00:00\",\"dateModified\":\"2021-06-01T11:04:30+00:00\",\"author\":{\"@id\":\"https:\/\/tapigroup.com\/es\/#\/schema\/person\/dec1e40382845b2090806c3f10baaeeb\"},\"inLanguage\":\"es\",\"potentialAction\":[{\"@type\":\"ReadAction\",\"target\":[\"https:\/\/tapigroup.com\/es\/news-es\/tapi-en-el-evento-modernizacion-del-tlcuem-oportunidades-de-negocios\/\"]}]},{\"@type\":\"ImageObject\",\"inLanguage\":\"es\",\"@id\":\"https:\/\/tapigroup.com\/es\/news-es\/tapi-en-el-evento-modernizacion-del-tlcuem-oportunidades-de-negocios\/#primaryimage\",\"url\":\"https:\/\/tapigroup.com\/wp-content\/uploads\/2020\/01\/tapi-news-modernizacion-tlcuem.jpg\",\"contentUrl\":\"https:\/\/tapigroup.com\/wp-content\/uploads\/2020\/01\/tapi-news-modernizacion-tlcuem.jpg\",\"width\":1024,\"height\":375},{\"@type\":\"WebSite\",\"@id\":\"https:\/\/tapigroup.com\/es\/#website\",\"url\":\"https:\/\/tapigroup.com\/es\/\",\"name\":\"Tap\u00ec Group\",\"description\":\"Made to be Opened\",\"potentialAction\":[{\"@type\":\"SearchAction\",\"target\":{\"@type\":\"EntryPoint\",\"urlTemplate\":\"https:\/\/tapigroup.com\/es\/?s={search_term_string}\"},\"query-input\":{\"@type\":\"PropertyValueSpecification\",\"valueRequired\":true,\"valueName\":\"search_term_string\"}}],\"inLanguage\":\"es\"},{\"@type\":\"Person\",\"@id\":\"https:\/\/tapigroup.com\/es\/#\/schema\/person\/dec1e40382845b2090806c3f10baaeeb\",\"name\":\"tapigroup\",\"url\":\"https:\/\/tapigroup.com\/es\/author\/tapigroup\/\"}]}<\/script>\n<!-- \/ Yoast SEO plugin. -->","yoast_head_json":{"title":"TAP\u00cc EN EL EVENTO MODERNIZACI\u00d3N DEL TLCUEM \u2013 OPORTUNIDADES DE NEGOCIOS - Tap\u00ec Group","robots":{"index":"index","follow":"follow","max-snippet":"max-snippet:-1","max-image-preview":"max-image-preview:large","max-video-preview":"max-video-preview:-1"},"canonical":"https:\/\/tapigroup.com\/es\/news-es\/tapi-en-el-evento-modernizacion-del-tlcuem-oportunidades-de-negocios\/","og_locale":"es_ES","og_type":"article","og_title":"TAP\u00cc EN EL EVENTO MODERNIZACI\u00d3N DEL TLCUEM \u2013 OPORTUNIDADES DE NEGOCIOS - Tap\u00ec Group","og_description":"El 5 de febrero de 2019 hemos volado a M\u00e9xico con ocasi\u00f3n de la conferencia \u201cModernizaci\u00f3n del TLCUEM \u2013 Oportunidades de Negocios\u201d que se ha celebrado en el Auditorio del Ministerio de Econom\u00eda de Ciudad de M\u00e9xico. Las voces de Klaus Rudischhauser, embajador de la UE en M\u00e9xico, y de Sergio Contreras, vicepresidente de la [&hellip;]","og_url":"https:\/\/tapigroup.com\/es\/news-es\/tapi-en-el-evento-modernizacion-del-tlcuem-oportunidades-de-negocios\/","og_site_name":"Tap\u00ec Group","article_published_time":"2019-03-05T11:00:13+00:00","article_modified_time":"2021-06-01T11:04:30+00:00","og_image":[{"width":1024,"height":375,"url":"https:\/\/tapigroup.com\/wp-content\/uploads\/2020\/01\/tapi-news-modernizacion-tlcuem.jpg","type":"image\/jpeg"}],"author":"tapigroup","twitter_card":"summary_large_image","twitter_misc":{"Escrito por":"tapigroup","Tiempo de lectura":"1 minuto"},"schema":{"@context":"https:\/\/schema.org","@graph":[{"@type":"Article","@id":"https:\/\/tapigroup.com\/es\/news-es\/tapi-en-el-evento-modernizacion-del-tlcuem-oportunidades-de-negocios\/#article","isPartOf":{"@id":"https:\/\/tapigroup.com\/es\/news-es\/tapi-en-el-evento-modernizacion-del-tlcuem-oportunidades-de-negocios\/"},"author":{"name":"tapigroup","@id":"https:\/\/tapigroup.com\/es\/#\/schema\/person\/dec1e40382845b2090806c3f10baaeeb"},"headline":"TAP\u00cc EN EL EVENTO MODERNIZACI\u00d3N DEL TLCUEM \u2013 OPORTUNIDADES DE NEGOCIOS","datePublished":"2019-03-05T11:00:13+00:00","dateModified":"2021-06-01T11:04:30+00:00","mainEntityOfPage":{"@id":"https:\/\/tapigroup.com\/es\/news-es\/tapi-en-el-evento-modernizacion-del-tlcuem-oportunidades-de-negocios\/"},"wordCount":281,"image":{"@id":"https:\/\/tapigroup.com\/es\/news-es\/tapi-en-el-evento-modernizacion-del-tlcuem-oportunidades-de-negocios\/#primaryimage"},"thumbnailUrl":"https:\/\/tapigroup.com\/wp-content\/uploads\/2020\/01\/tapi-news-modernizacion-tlcuem.jpg","articleSection":["News"],"inLanguage":"es"},{"@type":"WebPage","@id":"https:\/\/tapigroup.com\/es\/news-es\/tapi-en-el-evento-modernizacion-del-tlcuem-oportunidades-de-negocios\/","url":"https:\/\/tapigroup.com\/es\/news-es\/tapi-en-el-evento-modernizacion-del-tlcuem-oportunidades-de-negocios\/","name":"TAP\u00cc EN EL EVENTO MODERNIZACI\u00d3N DEL TLCUEM \u2013 OPORTUNIDADES DE NEGOCIOS - Tap\u00ec Group","isPartOf":{"@id":"https:\/\/tapigroup.com\/es\/#website"},"primaryImageOfPage":{"@id":"https:\/\/tapigroup.com\/es\/news-es\/tapi-en-el-evento-modernizacion-del-tlcuem-oportunidades-de-negocios\/#primaryimage"},"image":{"@id":"https:\/\/tapigroup.com\/es\/news-es\/tapi-en-el-evento-modernizacion-del-tlcuem-oportunidades-de-negocios\/#primaryimage"},"thumbnailUrl":"https:\/\/tapigroup.com\/wp-content\/uploads\/2020\/01\/tapi-news-modernizacion-tlcuem.jpg","datePublished":"2019-03-05T11:00:13+00:00","dateModified":"2021-06-01T11:04:30+00:00","author":{"@id":"https:\/\/tapigroup.com\/es\/#\/schema\/person\/dec1e40382845b2090806c3f10baaeeb"},"inLanguage":"es","potentialAction":[{"@type":"ReadAction","target":["https:\/\/tapigroup.com\/es\/news-es\/tapi-en-el-evento-modernizacion-del-tlcuem-oportunidades-de-negocios\/"]}]},{"@type":"ImageObject","inLanguage":"es","@id":"https:\/\/tapigroup.com\/es\/news-es\/tapi-en-el-evento-modernizacion-del-tlcuem-oportunidades-de-negocios\/#primaryimage","url":"https:\/\/tapigroup.com\/wp-content\/uploads\/2020\/01\/tapi-news-modernizacion-tlcuem.jpg","contentUrl":"https:\/\/tapigroup.com\/wp-content\/uploads\/2020\/01\/tapi-news-modernizacion-tlcuem.jpg","width":1024,"height":375},{"@type":"WebSite","@id":"https:\/\/tapigroup.com\/es\/#website","url":"https:\/\/tapigroup.com\/es\/","name":"Tap\u00ec Group","description":"Made to be Opened","potentialAction":[{"@type":"SearchAction","target":{"@type":"EntryPoint","urlTemplate":"https:\/\/tapigroup.com\/es\/?s={search_term_string}"},"query-input":{"@type":"PropertyValueSpecification","valueRequired":true,"valueName":"search_term_string"}}],"inLanguage":"es"},{"@type":"Person","@id":"https:\/\/tapigroup.com\/es\/#\/schema\/person\/dec1e40382845b2090806c3f10baaeeb","name":"tapigroup","url":"https:\/\/tapigroup.com\/es\/author\/tapigroup\/"}]}},"_links":{"self":[{"href":"https:\/\/tapigroup.com\/es\/wp-json\/wp\/v2\/posts\/10706","targetHints":{"allow":["GET"]}}],"collection":[{"href":"https:\/\/tapigroup.com\/es\/wp-json\/wp\/v2\/posts"}],"about":[{"href":"https:\/\/tapigroup.com\/es\/wp-json\/wp\/v2\/types\/post"}],"author":[{"embeddable":true,"href":"https:\/\/tapigroup.com\/es\/wp-json\/wp\/v2\/users\/1"}],"replies":[{"embeddable":true,"href":"https:\/\/tapigroup.com\/es\/wp-json\/wp\/v2\/comments?post=10706"}],"version-history":[{"count":0,"href":"https:\/\/tapigroup.com\/es\/wp-json\/wp\/v2\/posts\/10706\/revisions"}],"wp:featuredmedia":[{"embeddable":true,"href":"https:\/\/tapigroup.com\/es\/wp-json\/wp\/v2\/media\/6102"}],"wp:attachment":[{"href":"https:\/\/tapigroup.com\/es\/wp-json\/wp\/v2\/media?parent=10706"}],"wp:term":[{"taxonomy":"category","embeddable":true,"href":"https:\/\/tapigroup.com\/es\/wp-json\/wp\/v2\/categories?post=10706"},{"taxonomy":"post_tag","embeddable":true,"href":"https:\/\/tapigroup.com\/es\/wp-json\/wp\/v2\/tags?post=10706"}],"curies":[{"name":"wp","href":"https:\/\/api.w.org\/{rel}","templated":true}]}}