{"id":10547,"date":"2019-07-29T12:00:35","date_gmt":"2019-07-29T10:00:35","guid":{"rendered":"http:\/\/tapigroup.com\/sin-categorizar\/torna-luxe-pack-monaco-la-fiera-dedicata-al-packaging-di-lusso\/"},"modified":"2021-06-01T11:17:45","modified_gmt":"2021-06-01T09:17:45","slug":"vuelve-luxe-pack-monaco-la-feria-dedicada-al-envase-de-lujo","status":"publish","type":"post","link":"https:\/\/tapigroup.com\/es\/news-es\/vuelve-luxe-pack-monaco-la-feria-dedicada-al-envase-de-lujo\/","title":{"rendered":"VUELVE LUXE PACK MONACO: LA FERIA DEDICADA AL ENVASE DE LUJO"},"content":{"rendered":"\r\n<p><strong>Del 30 de septiembre al 2 de octubre partiremos rumbo al Principado para participar, tambi\u00e9n este 2019, en Luxe Pack Monaco: una importante feria del mundo del envase creativo de lujo.<\/strong><\/p>\r\n<p>Tras la reciente participaci\u00f3n en\u00a0\u00c9dition sp\u00e9ciale, spin-off de<strong>\u00a0Luxe Pack<\/strong>\u00a0dedicado a la sostenibilidad que se celebr\u00f3 en Par\u00eds en el mes de junio, este oto\u00f1o expondremos de nuevo durante tres d\u00edas repletos de novedades y discursos de alt\u00edsima calidad por parte de las marcas m\u00e1s importantes del panorama mundial del envase.<\/p>\r\n<p>Una nueva edici\u00f3n basada en la reuni\u00f3n estrat\u00e9gica de expositores, productores, creativos y empresas en busca de combinaciones creativas estructuradas en diferentes niveles sobre la diferenciaci\u00f3n y la innovaci\u00f3n.\u00a0<strong>Luxe Pack Monaco\u00a0<\/strong>puede definirse como un aut\u00e9ntico escaparate sobre las tendencias del futuro con respuestas concretas y de inspiraci\u00f3n para la creaci\u00f3n y el lanzamiento de nuevos conceptos tecnol\u00f3gicos y \u00e9ticos basados en el dise\u00f1o ecol\u00f3gico, la impresi\u00f3n 3D y el envase inteligente sin pasar por alto las tendencias emergentes.<\/p>\r\n<p>Un aut\u00e9ntico laboratorio de ideas que, estamos seguros, este a\u00f1o tambi\u00e9n repetir\u00e1 el enorme \u00e9xito de las pasadas ediciones.<\/p>\r\n<p><strong>\u00a1Os esperamos en el stand DB19!<\/strong><\/p>\r\n<p><strong><a href=\"https:\/\/www.luxepackmonaco.com\/\">Saber m\u00e1s<\/a><\/strong><\/p>\r\n","protected":false},"excerpt":{"rendered":"<p>Del 30 de septiembre al 2 de octubre partiremos rumbo al Principado para participar, tambi\u00e9n este 2019, en Luxe Pack Monaco: una importante feria del mundo del envase creativo de lujo. Tras la reciente participaci\u00f3n en\u00a0\u00c9dition sp\u00e9ciale, spin-off de\u00a0Luxe Pack\u00a0dedicado a la sostenibilidad que se celebr\u00f3 en Par\u00eds en el mes de junio, este oto\u00f1o [&hellip;]<\/p>\n","protected":false},"author":1,"featured_media":6170,"comment_status":"closed","ping_status":"closed","sticky":false,"template":"","format":"standard","meta":{"footnotes":""},"categories":[121],"tags":[],"class_list":["post-10547","post","type-post","status-publish","format-standard","has-post-thumbnail","hentry","category-news-es"],"yoast_head":"<!-- This site is optimized with the Yoast SEO plugin v27.2 - https:\/\/yoast.com\/product\/yoast-seo-wordpress\/ -->\n<title>VUELVE LUXE PACK MONACO: LA FERIA DEDICADA AL ENVASE DE LUJO - Tap\u00ec Group<\/title>\n<meta name=\"robots\" content=\"index, follow, max-snippet:-1, max-image-preview:large, max-video-preview:-1\" \/>\n<link rel=\"canonical\" href=\"https:\/\/tapigroup.com\/es\/news-es\/vuelve-luxe-pack-monaco-la-feria-dedicada-al-envase-de-lujo\/\" \/>\n<meta property=\"og:locale\" content=\"es_ES\" \/>\n<meta property=\"og:type\" content=\"article\" \/>\n<meta property=\"og:title\" content=\"VUELVE LUXE PACK MONACO: LA FERIA DEDICADA AL ENVASE DE LUJO - Tap\u00ec Group\" \/>\n<meta property=\"og:description\" content=\"Del 30 de septiembre al 2 de octubre partiremos rumbo al Principado para participar, tambi\u00e9n este 2019, en Luxe Pack Monaco: una importante feria del mundo del envase creativo de lujo. Tras la reciente participaci\u00f3n en\u00a0\u00c9dition sp\u00e9ciale, spin-off de\u00a0Luxe Pack\u00a0dedicado a la sostenibilidad que se celebr\u00f3 en Par\u00eds en el mes de junio, este oto\u00f1o [&hellip;]\" \/>\n<meta property=\"og:url\" content=\"https:\/\/tapigroup.com\/es\/news-es\/vuelve-luxe-pack-monaco-la-feria-dedicada-al-envase-de-lujo\/\" \/>\n<meta property=\"og:site_name\" content=\"Tap\u00ec Group\" \/>\n<meta property=\"article:published_time\" content=\"2019-07-29T10:00:35+00:00\" \/>\n<meta property=\"article:modified_time\" content=\"2021-06-01T09:17:45+00:00\" \/>\n<meta property=\"og:image\" content=\"https:\/\/tapigroup.com\/wp-content\/uploads\/2020\/01\/tapi-news-luxe-pack-monaco.jpg\" \/>\n\t<meta property=\"og:image:width\" content=\"965\" \/>\n\t<meta property=\"og:image:height\" content=\"430\" \/>\n\t<meta property=\"og:image:type\" content=\"image\/jpeg\" \/>\n<meta name=\"author\" content=\"tapigroup\" \/>\n<meta name=\"twitter:card\" content=\"summary_large_image\" \/>\n<meta name=\"twitter:label1\" content=\"Escrito por\" \/>\n\t<meta name=\"twitter:data1\" content=\"tapigroup\" \/>\n\t<meta name=\"twitter:label2\" content=\"Tiempo de lectura\" \/>\n\t<meta name=\"twitter:data2\" content=\"1 minuto\" \/>\n<script type=\"application\/ld+json\" class=\"yoast-schema-graph\">{\"@context\":\"https:\/\/schema.org\",\"@graph\":[{\"@type\":\"Article\",\"@id\":\"https:\/\/tapigroup.com\/es\/news-es\/vuelve-luxe-pack-monaco-la-feria-dedicada-al-envase-de-lujo\/#article\",\"isPartOf\":{\"@id\":\"https:\/\/tapigroup.com\/es\/news-es\/vuelve-luxe-pack-monaco-la-feria-dedicada-al-envase-de-lujo\/\"},\"author\":{\"name\":\"tapigroup\",\"@id\":\"https:\/\/tapigroup.com\/es\/#\/schema\/person\/dec1e40382845b2090806c3f10baaeeb\"},\"headline\":\"VUELVE LUXE PACK MONACO: LA FERIA DEDICADA AL ENVASE DE LUJO\",\"datePublished\":\"2019-07-29T10:00:35+00:00\",\"dateModified\":\"2021-06-01T09:17:45+00:00\",\"mainEntityOfPage\":{\"@id\":\"https:\/\/tapigroup.com\/es\/news-es\/vuelve-luxe-pack-monaco-la-feria-dedicada-al-envase-de-lujo\/\"},\"wordCount\":223,\"image\":{\"@id\":\"https:\/\/tapigroup.com\/es\/news-es\/vuelve-luxe-pack-monaco-la-feria-dedicada-al-envase-de-lujo\/#primaryimage\"},\"thumbnailUrl\":\"https:\/\/tapigroup.com\/wp-content\/uploads\/2020\/01\/tapi-news-luxe-pack-monaco.jpg\",\"articleSection\":[\"News\"],\"inLanguage\":\"es\"},{\"@type\":\"WebPage\",\"@id\":\"https:\/\/tapigroup.com\/es\/news-es\/vuelve-luxe-pack-monaco-la-feria-dedicada-al-envase-de-lujo\/\",\"url\":\"https:\/\/tapigroup.com\/es\/news-es\/vuelve-luxe-pack-monaco-la-feria-dedicada-al-envase-de-lujo\/\",\"name\":\"VUELVE LUXE PACK MONACO: LA FERIA DEDICADA AL ENVASE DE LUJO - Tap\u00ec Group\",\"isPartOf\":{\"@id\":\"https:\/\/tapigroup.com\/es\/#website\"},\"primaryImageOfPage\":{\"@id\":\"https:\/\/tapigroup.com\/es\/news-es\/vuelve-luxe-pack-monaco-la-feria-dedicada-al-envase-de-lujo\/#primaryimage\"},\"image\":{\"@id\":\"https:\/\/tapigroup.com\/es\/news-es\/vuelve-luxe-pack-monaco-la-feria-dedicada-al-envase-de-lujo\/#primaryimage\"},\"thumbnailUrl\":\"https:\/\/tapigroup.com\/wp-content\/uploads\/2020\/01\/tapi-news-luxe-pack-monaco.jpg\",\"datePublished\":\"2019-07-29T10:00:35+00:00\",\"dateModified\":\"2021-06-01T09:17:45+00:00\",\"author\":{\"@id\":\"https:\/\/tapigroup.com\/es\/#\/schema\/person\/dec1e40382845b2090806c3f10baaeeb\"},\"inLanguage\":\"es\",\"potentialAction\":[{\"@type\":\"ReadAction\",\"target\":[\"https:\/\/tapigroup.com\/es\/news-es\/vuelve-luxe-pack-monaco-la-feria-dedicada-al-envase-de-lujo\/\"]}]},{\"@type\":\"ImageObject\",\"inLanguage\":\"es\",\"@id\":\"https:\/\/tapigroup.com\/es\/news-es\/vuelve-luxe-pack-monaco-la-feria-dedicada-al-envase-de-lujo\/#primaryimage\",\"url\":\"https:\/\/tapigroup.com\/wp-content\/uploads\/2020\/01\/tapi-news-luxe-pack-monaco.jpg\",\"contentUrl\":\"https:\/\/tapigroup.com\/wp-content\/uploads\/2020\/01\/tapi-news-luxe-pack-monaco.jpg\",\"width\":965,\"height\":430},{\"@type\":\"WebSite\",\"@id\":\"https:\/\/tapigroup.com\/es\/#website\",\"url\":\"https:\/\/tapigroup.com\/es\/\",\"name\":\"Tap\u00ec Group\",\"description\":\"Made to be Opened\",\"potentialAction\":[{\"@type\":\"SearchAction\",\"target\":{\"@type\":\"EntryPoint\",\"urlTemplate\":\"https:\/\/tapigroup.com\/es\/?s={search_term_string}\"},\"query-input\":{\"@type\":\"PropertyValueSpecification\",\"valueRequired\":true,\"valueName\":\"search_term_string\"}}],\"inLanguage\":\"es\"},{\"@type\":\"Person\",\"@id\":\"https:\/\/tapigroup.com\/es\/#\/schema\/person\/dec1e40382845b2090806c3f10baaeeb\",\"name\":\"tapigroup\",\"url\":\"https:\/\/tapigroup.com\/es\/author\/tapigroup\/\"}]}<\/script>\n<!-- \/ Yoast SEO plugin. -->","yoast_head_json":{"title":"VUELVE LUXE PACK MONACO: LA FERIA DEDICADA AL ENVASE DE LUJO - Tap\u00ec Group","robots":{"index":"index","follow":"follow","max-snippet":"max-snippet:-1","max-image-preview":"max-image-preview:large","max-video-preview":"max-video-preview:-1"},"canonical":"https:\/\/tapigroup.com\/es\/news-es\/vuelve-luxe-pack-monaco-la-feria-dedicada-al-envase-de-lujo\/","og_locale":"es_ES","og_type":"article","og_title":"VUELVE LUXE PACK MONACO: LA FERIA DEDICADA AL ENVASE DE LUJO - Tap\u00ec Group","og_description":"Del 30 de septiembre al 2 de octubre partiremos rumbo al Principado para participar, tambi\u00e9n este 2019, en Luxe Pack Monaco: una importante feria del mundo del envase creativo de lujo. Tras la reciente participaci\u00f3n en\u00a0\u00c9dition sp\u00e9ciale, spin-off de\u00a0Luxe Pack\u00a0dedicado a la sostenibilidad que se celebr\u00f3 en Par\u00eds en el mes de junio, este oto\u00f1o [&hellip;]","og_url":"https:\/\/tapigroup.com\/es\/news-es\/vuelve-luxe-pack-monaco-la-feria-dedicada-al-envase-de-lujo\/","og_site_name":"Tap\u00ec Group","article_published_time":"2019-07-29T10:00:35+00:00","article_modified_time":"2021-06-01T09:17:45+00:00","og_image":[{"width":965,"height":430,"url":"https:\/\/tapigroup.com\/wp-content\/uploads\/2020\/01\/tapi-news-luxe-pack-monaco.jpg","type":"image\/jpeg"}],"author":"tapigroup","twitter_card":"summary_large_image","twitter_misc":{"Escrito por":"tapigroup","Tiempo de lectura":"1 minuto"},"schema":{"@context":"https:\/\/schema.org","@graph":[{"@type":"Article","@id":"https:\/\/tapigroup.com\/es\/news-es\/vuelve-luxe-pack-monaco-la-feria-dedicada-al-envase-de-lujo\/#article","isPartOf":{"@id":"https:\/\/tapigroup.com\/es\/news-es\/vuelve-luxe-pack-monaco-la-feria-dedicada-al-envase-de-lujo\/"},"author":{"name":"tapigroup","@id":"https:\/\/tapigroup.com\/es\/#\/schema\/person\/dec1e40382845b2090806c3f10baaeeb"},"headline":"VUELVE LUXE PACK MONACO: LA FERIA DEDICADA AL ENVASE DE LUJO","datePublished":"2019-07-29T10:00:35+00:00","dateModified":"2021-06-01T09:17:45+00:00","mainEntityOfPage":{"@id":"https:\/\/tapigroup.com\/es\/news-es\/vuelve-luxe-pack-monaco-la-feria-dedicada-al-envase-de-lujo\/"},"wordCount":223,"image":{"@id":"https:\/\/tapigroup.com\/es\/news-es\/vuelve-luxe-pack-monaco-la-feria-dedicada-al-envase-de-lujo\/#primaryimage"},"thumbnailUrl":"https:\/\/tapigroup.com\/wp-content\/uploads\/2020\/01\/tapi-news-luxe-pack-monaco.jpg","articleSection":["News"],"inLanguage":"es"},{"@type":"WebPage","@id":"https:\/\/tapigroup.com\/es\/news-es\/vuelve-luxe-pack-monaco-la-feria-dedicada-al-envase-de-lujo\/","url":"https:\/\/tapigroup.com\/es\/news-es\/vuelve-luxe-pack-monaco-la-feria-dedicada-al-envase-de-lujo\/","name":"VUELVE LUXE PACK MONACO: LA FERIA DEDICADA AL ENVASE DE LUJO - Tap\u00ec Group","isPartOf":{"@id":"https:\/\/tapigroup.com\/es\/#website"},"primaryImageOfPage":{"@id":"https:\/\/tapigroup.com\/es\/news-es\/vuelve-luxe-pack-monaco-la-feria-dedicada-al-envase-de-lujo\/#primaryimage"},"image":{"@id":"https:\/\/tapigroup.com\/es\/news-es\/vuelve-luxe-pack-monaco-la-feria-dedicada-al-envase-de-lujo\/#primaryimage"},"thumbnailUrl":"https:\/\/tapigroup.com\/wp-content\/uploads\/2020\/01\/tapi-news-luxe-pack-monaco.jpg","datePublished":"2019-07-29T10:00:35+00:00","dateModified":"2021-06-01T09:17:45+00:00","author":{"@id":"https:\/\/tapigroup.com\/es\/#\/schema\/person\/dec1e40382845b2090806c3f10baaeeb"},"inLanguage":"es","potentialAction":[{"@type":"ReadAction","target":["https:\/\/tapigroup.com\/es\/news-es\/vuelve-luxe-pack-monaco-la-feria-dedicada-al-envase-de-lujo\/"]}]},{"@type":"ImageObject","inLanguage":"es","@id":"https:\/\/tapigroup.com\/es\/news-es\/vuelve-luxe-pack-monaco-la-feria-dedicada-al-envase-de-lujo\/#primaryimage","url":"https:\/\/tapigroup.com\/wp-content\/uploads\/2020\/01\/tapi-news-luxe-pack-monaco.jpg","contentUrl":"https:\/\/tapigroup.com\/wp-content\/uploads\/2020\/01\/tapi-news-luxe-pack-monaco.jpg","width":965,"height":430},{"@type":"WebSite","@id":"https:\/\/tapigroup.com\/es\/#website","url":"https:\/\/tapigroup.com\/es\/","name":"Tap\u00ec Group","description":"Made to be Opened","potentialAction":[{"@type":"SearchAction","target":{"@type":"EntryPoint","urlTemplate":"https:\/\/tapigroup.com\/es\/?s={search_term_string}"},"query-input":{"@type":"PropertyValueSpecification","valueRequired":true,"valueName":"search_term_string"}}],"inLanguage":"es"},{"@type":"Person","@id":"https:\/\/tapigroup.com\/es\/#\/schema\/person\/dec1e40382845b2090806c3f10baaeeb","name":"tapigroup","url":"https:\/\/tapigroup.com\/es\/author\/tapigroup\/"}]}},"_links":{"self":[{"href":"https:\/\/tapigroup.com\/es\/wp-json\/wp\/v2\/posts\/10547","targetHints":{"allow":["GET"]}}],"collection":[{"href":"https:\/\/tapigroup.com\/es\/wp-json\/wp\/v2\/posts"}],"about":[{"href":"https:\/\/tapigroup.com\/es\/wp-json\/wp\/v2\/types\/post"}],"author":[{"embeddable":true,"href":"https:\/\/tapigroup.com\/es\/wp-json\/wp\/v2\/users\/1"}],"replies":[{"embeddable":true,"href":"https:\/\/tapigroup.com\/es\/wp-json\/wp\/v2\/comments?post=10547"}],"version-history":[{"count":0,"href":"https:\/\/tapigroup.com\/es\/wp-json\/wp\/v2\/posts\/10547\/revisions"}],"wp:featuredmedia":[{"embeddable":true,"href":"https:\/\/tapigroup.com\/es\/wp-json\/wp\/v2\/media\/6170"}],"wp:attachment":[{"href":"https:\/\/tapigroup.com\/es\/wp-json\/wp\/v2\/media?parent=10547"}],"wp:term":[{"taxonomy":"category","embeddable":true,"href":"https:\/\/tapigroup.com\/es\/wp-json\/wp\/v2\/categories?post=10547"},{"taxonomy":"post_tag","embeddable":true,"href":"https:\/\/tapigroup.com\/es\/wp-json\/wp\/v2\/tags?post=10547"}],"curies":[{"name":"wp","href":"https:\/\/api.w.org\/{rel}","templated":true}]}}