{"id":23483,"date":"2022-04-29T12:12:03","date_gmt":"2022-04-29T10:12:03","guid":{"rendered":"https:\/\/tapigroup.com\/?p=23483"},"modified":"2022-04-29T12:26:10","modified_gmt":"2022-04-29T10:26:10","slug":"die-packaging-premiere-kommt-wieder-in-der-messe-von-24-bis-26-mai","status":"publish","type":"post","link":"https:\/\/tapigroup.com\/de\/news-de\/die-packaging-premiere-kommt-wieder-in-der-messe-von-24-bis-26-mai\/","title":{"rendered":"Die Packaging Premi\u00e8re kommt wieder: in der Messe von 24. bis 26. Mai"},"content":{"rendered":"\n<p><strong>Auch in diesem Jahr sind wir bei der Packaging Premi\u00e8re vom 24. bis 26. Mai vertreten: Sie finden uns im Messezentrum Fieramilanocity, Halle 4, Stand\u00a0C02.<\/strong> Die Messe pr\u00e4sentiert die Neuheiten in der Packaging-Branche und bietet Raum f\u00fcr Experimente und Innovationen, um die Trends in der Luxuswelt zu bestimmen. Wir bringen unsere besten Verschl\u00fcsse mit, die sowohl die modernsten, zeitgen\u00f6ssischen Designs als auch die klassischen, erlesenen Stilformen aufwerten und zur Geltung bringen k\u00f6nnen.<\/p>\n\n\n\n<p>Eine exklusive Fachausstellung f\u00fcr alle, die Packaging f\u00fcr die Luxusbranche kreieren und es umsetzen, aber auch f\u00fcr die gro\u00dfen internationalen Marken, die sich f\u00fcr die Aufbewahrung ihrer Produkte auf L\u00f6sungen verlassen wollen, die das greifbare, erkennbare Zeichen f\u00fcr das Spitzensegment in die Welt bringen.<\/p>\n\n\n\n<p><strong>Entdecken Sie die Zukunft des Packagings in der Luxuswelt: Wir erwarten Sie, um Ihnen alle Produktreihen unseres Sortiments vorzustellen.<\/strong><\/p>\n","protected":false},"excerpt":{"rendered":"<p>Auch in diesem Jahr sind wir bei der Packaging Premi\u00e8re vom 24. bis 26. Mai vertreten: Sie finden uns im Messezentrum Fieramilanocity, Halle 4, Stand\u00a0C02. Die Messe pr\u00e4sentiert die Neuheiten in der Packaging-Branche und bietet Raum f\u00fcr Experimente und Innovationen, um die Trends in der Luxuswelt zu bestimmen. Wir bringen unsere besten Verschl\u00fcsse mit, die [&hellip;]<\/p>\n","protected":false},"author":1,"featured_media":23469,"comment_status":"closed","ping_status":"closed","sticky":false,"template":"","format":"standard","meta":{"footnotes":""},"categories":[120],"tags":[],"class_list":["post-23483","post","type-post","status-publish","format-standard","has-post-thumbnail","hentry","category-news-de"],"yoast_head":"<!-- This site is optimized with the Yoast SEO plugin v27.2 - https:\/\/yoast.com\/product\/yoast-seo-wordpress\/ -->\n<title>Die Packaging Premi\u00e8re kommt wieder: in der Messe von 24. bis 26. Mai - Tap\u00ec Group<\/title>\n<meta name=\"robots\" content=\"index, follow, max-snippet:-1, max-image-preview:large, max-video-preview:-1\" \/>\n<link rel=\"canonical\" href=\"https:\/\/tapigroup.com\/de\/news-de\/die-packaging-premiere-kommt-wieder-in-der-messe-von-24-bis-26-mai\/\" \/>\n<meta property=\"og:locale\" content=\"de_DE\" \/>\n<meta property=\"og:type\" content=\"article\" \/>\n<meta property=\"og:title\" content=\"Die Packaging Premi\u00e8re kommt wieder: in der Messe von 24. bis 26. Mai - Tap\u00ec Group\" \/>\n<meta property=\"og:description\" content=\"Auch in diesem Jahr sind wir bei der Packaging Premi\u00e8re vom 24. bis 26. Mai vertreten: Sie finden uns im Messezentrum Fieramilanocity, Halle 4, Stand\u00a0C02. Die Messe pr\u00e4sentiert die Neuheiten in der Packaging-Branche und bietet Raum f\u00fcr Experimente und Innovationen, um die Trends in der Luxuswelt zu bestimmen. Wir bringen unsere besten Verschl\u00fcsse mit, die [&hellip;]\" \/>\n<meta property=\"og:url\" content=\"https:\/\/tapigroup.com\/de\/news-de\/die-packaging-premiere-kommt-wieder-in-der-messe-von-24-bis-26-mai\/\" \/>\n<meta property=\"og:site_name\" content=\"Tap\u00ec Group\" \/>\n<meta property=\"article:published_time\" content=\"2022-04-29T10:12:03+00:00\" \/>\n<meta property=\"article:modified_time\" content=\"2022-04-29T10:26:10+00:00\" \/>\n<meta property=\"og:image\" content=\"https:\/\/tapigroup.com\/wp-content\/uploads\/2022\/04\/02B-IG_Packaging-premiere_1080x1080-1.jpg\" \/>\n\t<meta property=\"og:image:width\" content=\"1080\" \/>\n\t<meta property=\"og:image:height\" content=\"1080\" \/>\n\t<meta property=\"og:image:type\" content=\"image\/jpeg\" \/>\n<meta name=\"author\" content=\"tapigroup\" \/>\n<meta name=\"twitter:card\" content=\"summary_large_image\" \/>\n<meta name=\"twitter:label1\" content=\"Verfasst von\" \/>\n\t<meta name=\"twitter:data1\" content=\"tapigroup\" \/>\n\t<meta name=\"twitter:label2\" content=\"Gesch\u00e4tzte Lesezeit\" \/>\n\t<meta name=\"twitter:data2\" content=\"1\u00a0Minute\" \/>\n<script type=\"application\/ld+json\" class=\"yoast-schema-graph\">{\"@context\":\"https:\/\/schema.org\",\"@graph\":[{\"@type\":\"Article\",\"@id\":\"https:\/\/tapigroup.com\/de\/news-de\/die-packaging-premiere-kommt-wieder-in-der-messe-von-24-bis-26-mai\/#article\",\"isPartOf\":{\"@id\":\"https:\/\/tapigroup.com\/de\/news-de\/die-packaging-premiere-kommt-wieder-in-der-messe-von-24-bis-26-mai\/\"},\"author\":{\"name\":\"tapigroup\",\"@id\":\"https:\/\/tapigroup.com\/de\/#\/schema\/person\/dec1e40382845b2090806c3f10baaeeb\"},\"headline\":\"Die Packaging Premi\u00e8re kommt wieder: in der Messe von 24. bis 26. Mai\",\"datePublished\":\"2022-04-29T10:12:03+00:00\",\"dateModified\":\"2022-04-29T10:26:10+00:00\",\"mainEntityOfPage\":{\"@id\":\"https:\/\/tapigroup.com\/de\/news-de\/die-packaging-premiere-kommt-wieder-in-der-messe-von-24-bis-26-mai\/\"},\"wordCount\":158,\"image\":{\"@id\":\"https:\/\/tapigroup.com\/de\/news-de\/die-packaging-premiere-kommt-wieder-in-der-messe-von-24-bis-26-mai\/#primaryimage\"},\"thumbnailUrl\":\"https:\/\/tapigroup.com\/wp-content\/uploads\/2022\/04\/02B-IG_Packaging-premiere_1080x1080-1.jpg\",\"articleSection\":[\"News\"],\"inLanguage\":\"de\"},{\"@type\":\"WebPage\",\"@id\":\"https:\/\/tapigroup.com\/de\/news-de\/die-packaging-premiere-kommt-wieder-in-der-messe-von-24-bis-26-mai\/\",\"url\":\"https:\/\/tapigroup.com\/de\/news-de\/die-packaging-premiere-kommt-wieder-in-der-messe-von-24-bis-26-mai\/\",\"name\":\"Die Packaging Premi\u00e8re kommt wieder: in der Messe von 24. bis 26. Mai - Tap\u00ec Group\",\"isPartOf\":{\"@id\":\"https:\/\/tapigroup.com\/de\/#website\"},\"primaryImageOfPage\":{\"@id\":\"https:\/\/tapigroup.com\/de\/news-de\/die-packaging-premiere-kommt-wieder-in-der-messe-von-24-bis-26-mai\/#primaryimage\"},\"image\":{\"@id\":\"https:\/\/tapigroup.com\/de\/news-de\/die-packaging-premiere-kommt-wieder-in-der-messe-von-24-bis-26-mai\/#primaryimage\"},\"thumbnailUrl\":\"https:\/\/tapigroup.com\/wp-content\/uploads\/2022\/04\/02B-IG_Packaging-premiere_1080x1080-1.jpg\",\"datePublished\":\"2022-04-29T10:12:03+00:00\",\"dateModified\":\"2022-04-29T10:26:10+00:00\",\"author\":{\"@id\":\"https:\/\/tapigroup.com\/de\/#\/schema\/person\/dec1e40382845b2090806c3f10baaeeb\"},\"inLanguage\":\"de\",\"potentialAction\":[{\"@type\":\"ReadAction\",\"target\":[\"https:\/\/tapigroup.com\/de\/news-de\/die-packaging-premiere-kommt-wieder-in-der-messe-von-24-bis-26-mai\/\"]}]},{\"@type\":\"ImageObject\",\"inLanguage\":\"de\",\"@id\":\"https:\/\/tapigroup.com\/de\/news-de\/die-packaging-premiere-kommt-wieder-in-der-messe-von-24-bis-26-mai\/#primaryimage\",\"url\":\"https:\/\/tapigroup.com\/wp-content\/uploads\/2022\/04\/02B-IG_Packaging-premiere_1080x1080-1.jpg\",\"contentUrl\":\"https:\/\/tapigroup.com\/wp-content\/uploads\/2022\/04\/02B-IG_Packaging-premiere_1080x1080-1.jpg\",\"width\":1080,\"height\":1080,\"caption\":\"Packaging-premiere2022\"},{\"@type\":\"WebSite\",\"@id\":\"https:\/\/tapigroup.com\/de\/#website\",\"url\":\"https:\/\/tapigroup.com\/de\/\",\"name\":\"Tap\u00ec Group\",\"description\":\"Made to be Opened\",\"potentialAction\":[{\"@type\":\"SearchAction\",\"target\":{\"@type\":\"EntryPoint\",\"urlTemplate\":\"https:\/\/tapigroup.com\/de\/?s={search_term_string}\"},\"query-input\":{\"@type\":\"PropertyValueSpecification\",\"valueRequired\":true,\"valueName\":\"search_term_string\"}}],\"inLanguage\":\"de\"},{\"@type\":\"Person\",\"@id\":\"https:\/\/tapigroup.com\/de\/#\/schema\/person\/dec1e40382845b2090806c3f10baaeeb\",\"name\":\"tapigroup\",\"url\":\"https:\/\/tapigroup.com\/de\/author\/tapigroup\/\"}]}<\/script>\n<!-- \/ Yoast SEO plugin. -->","yoast_head_json":{"title":"Die Packaging Premi\u00e8re kommt wieder: in der Messe von 24. bis 26. Mai - Tap\u00ec Group","robots":{"index":"index","follow":"follow","max-snippet":"max-snippet:-1","max-image-preview":"max-image-preview:large","max-video-preview":"max-video-preview:-1"},"canonical":"https:\/\/tapigroup.com\/de\/news-de\/die-packaging-premiere-kommt-wieder-in-der-messe-von-24-bis-26-mai\/","og_locale":"de_DE","og_type":"article","og_title":"Die Packaging Premi\u00e8re kommt wieder: in der Messe von 24. bis 26. Mai - Tap\u00ec Group","og_description":"Auch in diesem Jahr sind wir bei der Packaging Premi\u00e8re vom 24. bis 26. Mai vertreten: Sie finden uns im Messezentrum Fieramilanocity, Halle 4, Stand\u00a0C02. Die Messe pr\u00e4sentiert die Neuheiten in der Packaging-Branche und bietet Raum f\u00fcr Experimente und Innovationen, um die Trends in der Luxuswelt zu bestimmen. Wir bringen unsere besten Verschl\u00fcsse mit, die [&hellip;]","og_url":"https:\/\/tapigroup.com\/de\/news-de\/die-packaging-premiere-kommt-wieder-in-der-messe-von-24-bis-26-mai\/","og_site_name":"Tap\u00ec Group","article_published_time":"2022-04-29T10:12:03+00:00","article_modified_time":"2022-04-29T10:26:10+00:00","og_image":[{"width":1080,"height":1080,"url":"https:\/\/tapigroup.com\/wp-content\/uploads\/2022\/04\/02B-IG_Packaging-premiere_1080x1080-1.jpg","type":"image\/jpeg"}],"author":"tapigroup","twitter_card":"summary_large_image","twitter_misc":{"Verfasst von":"tapigroup","Gesch\u00e4tzte Lesezeit":"1\u00a0Minute"},"schema":{"@context":"https:\/\/schema.org","@graph":[{"@type":"Article","@id":"https:\/\/tapigroup.com\/de\/news-de\/die-packaging-premiere-kommt-wieder-in-der-messe-von-24-bis-26-mai\/#article","isPartOf":{"@id":"https:\/\/tapigroup.com\/de\/news-de\/die-packaging-premiere-kommt-wieder-in-der-messe-von-24-bis-26-mai\/"},"author":{"name":"tapigroup","@id":"https:\/\/tapigroup.com\/de\/#\/schema\/person\/dec1e40382845b2090806c3f10baaeeb"},"headline":"Die Packaging Premi\u00e8re kommt wieder: in der Messe von 24. bis 26. Mai","datePublished":"2022-04-29T10:12:03+00:00","dateModified":"2022-04-29T10:26:10+00:00","mainEntityOfPage":{"@id":"https:\/\/tapigroup.com\/de\/news-de\/die-packaging-premiere-kommt-wieder-in-der-messe-von-24-bis-26-mai\/"},"wordCount":158,"image":{"@id":"https:\/\/tapigroup.com\/de\/news-de\/die-packaging-premiere-kommt-wieder-in-der-messe-von-24-bis-26-mai\/#primaryimage"},"thumbnailUrl":"https:\/\/tapigroup.com\/wp-content\/uploads\/2022\/04\/02B-IG_Packaging-premiere_1080x1080-1.jpg","articleSection":["News"],"inLanguage":"de"},{"@type":"WebPage","@id":"https:\/\/tapigroup.com\/de\/news-de\/die-packaging-premiere-kommt-wieder-in-der-messe-von-24-bis-26-mai\/","url":"https:\/\/tapigroup.com\/de\/news-de\/die-packaging-premiere-kommt-wieder-in-der-messe-von-24-bis-26-mai\/","name":"Die Packaging Premi\u00e8re kommt wieder: in der Messe von 24. bis 26. Mai - Tap\u00ec Group","isPartOf":{"@id":"https:\/\/tapigroup.com\/de\/#website"},"primaryImageOfPage":{"@id":"https:\/\/tapigroup.com\/de\/news-de\/die-packaging-premiere-kommt-wieder-in-der-messe-von-24-bis-26-mai\/#primaryimage"},"image":{"@id":"https:\/\/tapigroup.com\/de\/news-de\/die-packaging-premiere-kommt-wieder-in-der-messe-von-24-bis-26-mai\/#primaryimage"},"thumbnailUrl":"https:\/\/tapigroup.com\/wp-content\/uploads\/2022\/04\/02B-IG_Packaging-premiere_1080x1080-1.jpg","datePublished":"2022-04-29T10:12:03+00:00","dateModified":"2022-04-29T10:26:10+00:00","author":{"@id":"https:\/\/tapigroup.com\/de\/#\/schema\/person\/dec1e40382845b2090806c3f10baaeeb"},"inLanguage":"de","potentialAction":[{"@type":"ReadAction","target":["https:\/\/tapigroup.com\/de\/news-de\/die-packaging-premiere-kommt-wieder-in-der-messe-von-24-bis-26-mai\/"]}]},{"@type":"ImageObject","inLanguage":"de","@id":"https:\/\/tapigroup.com\/de\/news-de\/die-packaging-premiere-kommt-wieder-in-der-messe-von-24-bis-26-mai\/#primaryimage","url":"https:\/\/tapigroup.com\/wp-content\/uploads\/2022\/04\/02B-IG_Packaging-premiere_1080x1080-1.jpg","contentUrl":"https:\/\/tapigroup.com\/wp-content\/uploads\/2022\/04\/02B-IG_Packaging-premiere_1080x1080-1.jpg","width":1080,"height":1080,"caption":"Packaging-premiere2022"},{"@type":"WebSite","@id":"https:\/\/tapigroup.com\/de\/#website","url":"https:\/\/tapigroup.com\/de\/","name":"Tap\u00ec Group","description":"Made to be Opened","potentialAction":[{"@type":"SearchAction","target":{"@type":"EntryPoint","urlTemplate":"https:\/\/tapigroup.com\/de\/?s={search_term_string}"},"query-input":{"@type":"PropertyValueSpecification","valueRequired":true,"valueName":"search_term_string"}}],"inLanguage":"de"},{"@type":"Person","@id":"https:\/\/tapigroup.com\/de\/#\/schema\/person\/dec1e40382845b2090806c3f10baaeeb","name":"tapigroup","url":"https:\/\/tapigroup.com\/de\/author\/tapigroup\/"}]}},"_links":{"self":[{"href":"https:\/\/tapigroup.com\/de\/wp-json\/wp\/v2\/posts\/23483","targetHints":{"allow":["GET"]}}],"collection":[{"href":"https:\/\/tapigroup.com\/de\/wp-json\/wp\/v2\/posts"}],"about":[{"href":"https:\/\/tapigroup.com\/de\/wp-json\/wp\/v2\/types\/post"}],"author":[{"embeddable":true,"href":"https:\/\/tapigroup.com\/de\/wp-json\/wp\/v2\/users\/1"}],"replies":[{"embeddable":true,"href":"https:\/\/tapigroup.com\/de\/wp-json\/wp\/v2\/comments?post=23483"}],"version-history":[{"count":2,"href":"https:\/\/tapigroup.com\/de\/wp-json\/wp\/v2\/posts\/23483\/revisions"}],"predecessor-version":[{"id":23485,"href":"https:\/\/tapigroup.com\/de\/wp-json\/wp\/v2\/posts\/23483\/revisions\/23485"}],"wp:featuredmedia":[{"embeddable":true,"href":"https:\/\/tapigroup.com\/de\/wp-json\/wp\/v2\/media\/23469"}],"wp:attachment":[{"href":"https:\/\/tapigroup.com\/de\/wp-json\/wp\/v2\/media?parent=23483"}],"wp:term":[{"taxonomy":"category","embeddable":true,"href":"https:\/\/tapigroup.com\/de\/wp-json\/wp\/v2\/categories?post=23483"},{"taxonomy":"post_tag","embeddable":true,"href":"https:\/\/tapigroup.com\/de\/wp-json\/wp\/v2\/tags?post=23483"}],"curies":[{"name":"wp","href":"https:\/\/api.w.org\/{rel}","templated":true}]}}